{"id":9805,"date":"2013-12-06T08:35:04","date_gmt":"2013-12-06T06:35:04","guid":{"rendered":"https:\/\/www.giurgiuveanul.ro\/stiri\/?p=9805"},"modified":"2013-12-06T08:51:28","modified_gmt":"2013-12-06T06:51:28","slug":"la-multi-ani-niculae-badalau-la-multi-ani-nicolae-barbu","status":"publish","type":"post","link":"https:\/\/www.giurgiuveanul.ro\/stiri\/la-multi-ani-niculae-badalau-la-multi-ani-nicolae-barbu\/","title":{"rendered":"La Mul\u0163i Ani, Niculae B\u0103d\u0103l\u0103u! La Mul\u0163i Ani, Nicolae Barbu!"},"content":{"rendered":"<p style=\"text-align: justify;\"><a href=\"https:\/\/www.giurgiuveanul.ro\/stiri\/wp-content\/uploads\/2013\/12\/Badalau-Floricel-si-Barbu.jpg\"><img loading=\"lazy\" decoding=\"async\" class=\"aligncenter size-large wp-image-9806\" alt=\"Badalau-Floricel-si-Barbu\" src=\"https:\/\/www.giurgiuveanul.ro\/stiri\/wp-content\/uploads\/2013\/12\/Badalau-Floricel-si-Barbu-512x450.jpg\" width=\"512\" height=\"450\" srcset=\"https:\/\/www.giurgiuveanul.ro\/stiri\/wp-content\/uploads\/2013\/12\/Badalau-Floricel-si-Barbu-512x450.jpg 512w, https:\/\/www.giurgiuveanul.ro\/stiri\/wp-content\/uploads\/2013\/12\/Badalau-Floricel-si-Barbu-250x219.jpg 250w, https:\/\/www.giurgiuveanul.ro\/stiri\/wp-content\/uploads\/2013\/12\/Badalau-Floricel-si-Barbu-400x351.jpg 400w, https:\/\/www.giurgiuveanul.ro\/stiri\/wp-content\/uploads\/2013\/12\/Badalau-Floricel-si-Barbu.jpg 800w\" sizes=\"auto, (max-width: 512px) 100vw, 512px\" \/><\/a>Ast\u0103zi, senatorul Niculae B\u0103d\u0103l\u0103u, pre\u015fedintele PSD Giurgiu, \u015fi primarul Nicolae Barbu, pre\u015fedintele organiza\u0163iei municipale a PSD, s\u0103rb\u0103toresc ziua numelui. Cu ocazia S\u0103rb\u0103torii Sf. Nicolae, v\u0103 dorim <!--more-->s\u0103 v\u0103 bucura\u0163i de via\u0163\u0103, de z\u00e2mbete, de tot ce e frumos. S\u0103 ave\u0163i parte de bucurii al\u0103turi de cei dragi \u015fi de lumin\u0103 \u00een suflete.<\/p>\n<p>S\u0103 ave\u0163i parte de un Mo\u015f Nicolae generos \u015fi de momente pline de bucurie, un trandafir, o floare, \u015fi-o raz\u0103 de soare s\u0103 v\u0103 lumineze inimile \u00een aceast\u0103 zi deosebit\u0103!<\/p>\n","protected":false},"excerpt":{"rendered":"<p>Ast\u0103zi, senatorul Niculae B\u0103d\u0103l\u0103u, pre\u015fedintele PSD Giurgiu, \u015fi primarul Nicolae Barbu, pre\u015fedintele organiza\u0163iei municipale a PSD, s\u0103rb\u0103toresc ziua numelui. Cu ocazia S\u0103rb\u0103torii Sf. Nicolae, v\u0103 dorim<\/p>\n","protected":false},"author":2,"featured_media":0,"comment_status":"open","ping_status":"open","sticky":false,"template":"","format":"standard","meta":{"footnotes":""},"categories":[16],"tags":[],"class_list":["post-9805","post","type-post","status-publish","format-standard","hentry","category-astazi-e-ziua-ta"],"_links":{"self":[{"href":"https:\/\/www.giurgiuveanul.ro\/stiri\/wp-json\/wp\/v2\/posts\/9805","targetHints":{"allow":["GET"]}}],"collection":[{"href":"https:\/\/www.giurgiuveanul.ro\/stiri\/wp-json\/wp\/v2\/posts"}],"about":[{"href":"https:\/\/www.giurgiuveanul.ro\/stiri\/wp-json\/wp\/v2\/types\/post"}],"author":[{"embeddable":true,"href":"https:\/\/www.giurgiuveanul.ro\/stiri\/wp-json\/wp\/v2\/users\/2"}],"replies":[{"embeddable":true,"href":"https:\/\/www.giurgiuveanul.ro\/stiri\/wp-json\/wp\/v2\/comments?post=9805"}],"version-history":[{"count":0,"href":"https:\/\/www.giurgiuveanul.ro\/stiri\/wp-json\/wp\/v2\/posts\/9805\/revisions"}],"wp:attachment":[{"href":"https:\/\/www.giurgiuveanul.ro\/stiri\/wp-json\/wp\/v2\/media?parent=9805"}],"wp:term":[{"taxonomy":"category","embeddable":true,"href":"https:\/\/www.giurgiuveanul.ro\/stiri\/wp-json\/wp\/v2\/categories?post=9805"},{"taxonomy":"post_tag","embeddable":true,"href":"https:\/\/www.giurgiuveanul.ro\/stiri\/wp-json\/wp\/v2\/tags?post=9805"}],"curies":[{"name":"wp","href":"https:\/\/api.w.org\/{rel}","templated":true}]}}