{"id":99230,"date":"2023-08-01T15:47:55","date_gmt":"2023-08-01T12:47:55","guid":{"rendered":"https:\/\/www.giurgiuveanul.ro\/stiri\/?p=99230"},"modified":"2023-08-01T16:17:33","modified_gmt":"2023-08-01T13:17:33","slug":"apel-umanitar-giurgiuveanul-marius-neacsu-are-nevoie-de-ajutorul-nostru","status":"publish","type":"post","link":"https:\/\/www.giurgiuveanul.ro\/stiri\/apel-umanitar-giurgiuveanul-marius-neacsu-are-nevoie-de-ajutorul-nostru\/","title":{"rendered":"APEL UMANITAR: Giurgiuveanul Marius Neac\u015fu are nevoie de ajutorul nostru!"},"content":{"rendered":"<p><a href=\"https:\/\/www.giurgiuveanul.ro\/stiri\/wp-content\/uploads\/2023\/08\/0-apel-umanitar-marius-neacsu.jpg\"><img loading=\"lazy\" decoding=\"async\" class=\"aligncenter wp-image-99231\" src=\"https:\/\/www.giurgiuveanul.ro\/stiri\/wp-content\/uploads\/2023\/08\/0-apel-umanitar-marius-neacsu-385x450.jpg\" alt=\"\" width=\"578\" height=\"676\" srcset=\"https:\/\/www.giurgiuveanul.ro\/stiri\/wp-content\/uploads\/2023\/08\/0-apel-umanitar-marius-neacsu-385x450.jpg 385w, https:\/\/www.giurgiuveanul.ro\/stiri\/wp-content\/uploads\/2023\/08\/0-apel-umanitar-marius-neacsu-250x292.jpg 250w, https:\/\/www.giurgiuveanul.ro\/stiri\/wp-content\/uploads\/2023\/08\/0-apel-umanitar-marius-neacsu-768x897.jpg 768w, https:\/\/www.giurgiuveanul.ro\/stiri\/wp-content\/uploads\/2023\/08\/0-apel-umanitar-marius-neacsu-1315x1536.jpg 1315w, https:\/\/www.giurgiuveanul.ro\/stiri\/wp-content\/uploads\/2023\/08\/0-apel-umanitar-marius-neacsu-400x467.jpg 400w, https:\/\/www.giurgiuveanul.ro\/stiri\/wp-content\/uploads\/2023\/08\/0-apel-umanitar-marius-neacsu.jpg 1536w\" sizes=\"auto, (max-width: 578px) 100vw, 578px\" \/><\/a>Numele meu este Nicoleta Neac\u0219u, am 33 de ani, sunt so\u021bie \u0219i mam\u0103 a unui b\u0103ie\u021bel de zece ani. Apelez la bun\u0103voin\u021ba \u0219i sprijinul dumneavoastr\u0103 \u00een speran\u021ba c\u0103<!--more--> m\u0103 ve\u021bi ajuta \u00een lupta cu o boal\u0103 grea care mi-a l\u0103sat so\u021bul imobilizat la pat.<\/p>\n<p>Ca orice tineri, \u0219i noi aveam planuri de viitor, planuri de a ne cre\u0219te copilul frumos \u0219i de a \u00eei oferi tot ceea ce nou\u0103 ne-a lipsit.<\/p>\n<p>Din p\u0103cate, via\u021ba noastr\u0103 a luat o alta \u00eentors\u0103tur\u0103 in momentul in care so\u021bul meu a fost diagnosticat cu tumor\u0103 intramedular\u0103.<\/p>\n<p>\u00cen noiembrie 2022, la doar 35 de ani, so\u021bul meu, Marius Neac\u015fu, de meserie \u0219ofer profesionist, a suferit o interven\u021bie chirurgical\u0103 \u0219i, din nefericire, a r\u0103mas imobilizat complet.<\/p>\n<p>Diagnosticul lui este Tetraplegie spastic\u0103 incomplet\u0103 Frankel B, un diagnostic care ne-a umbrit via\u021ba \u0219i fericirea.<\/p>\n<p>Dup\u0103 o spitalizare de trei luni \u0219i jum\u0103tate \u00een care au ap\u0103rut \u0219i complica\u021bii ale bolii care i-au pus via\u021ba \u00een pericol, so\u021bul meu are nevoie de\u00a0 recuperare pe termen \u00eendelungat pentru a putea redeveni o persoan\u0103 normal\u0103 \u0219i activ\u0103.<\/p>\n<p>Cu ajutorul apropia\u021bilor am reu\u0219it s\u0103 achizi\u021bionez pentru recuperare acas\u0103, o biciclet\u0103 Motomed, m\u0103nu\u0219ile robotice, scripete \u0219i m\u0103nu\u0219i speciale pentru m\u00e2ini.<\/p>\n<p>Am primit ca dona\u021bie un spalier de la Lemn\u0103ria Jder, c\u0103rora le mul\u021bumesc din suflet.<\/p>\n<p>Cheltuielile sunt foarte mari (Pampers, pleduri, medicamente, produse de \u00eengrijire), iar venitul nostru nu ne permite s\u0103 ne putem \u00eentre\u021binem \u0219i s\u0103 facem recuperare \u00een centre speciale pentru persoane cu handicap grav.<\/p>\n<p>Pentru \u0219edin\u021be de recuperare \u00een centrele care ne-au fost recomandate, costurile se ridic\u0103 \u00eentre 5.000 lei &#8211; 7.000 lei pentru doar 5-12 zile de recuperare.<\/p>\n<p>Visul meu \u0219i al copilului meu este acela de a \u00eel vedea din nou \u00een picioare, s\u0103 ne putem bucura de via\u021b\u0103 ca o familie normal\u0103.<\/p>\n<p>Oricine dore\u0219te s\u0103 ne ajute, o poate face don\u00e2nd in conturile in lei deschise pe numele meu.<\/p>\n<p>Orice ajutor conteaz\u0103!<\/p>\n<p>V\u0103 mul\u021bumesc pentru timpul acordat \u0219i v\u0103 rog s\u0103 distribui\u021bi \u00een num\u0103r c\u00e2t mai mare!<\/p>\n<p>Dona\u0163iile se pot face \u00een contul:<\/p>\n<p><strong>Titular: Neac\u0219u Nicoleta Claudia<\/strong><\/p>\n<p><strong>\u00a0<\/strong><\/p>\n<p><strong>Nume banc\u0103: Raiffeisen Bank<\/strong><\/p>\n<p><strong>IBAN: RO38RZBR0000060022596732<\/strong><\/p>\n<p><strong>\u00a0<\/strong><\/p>\n<p><strong>Nume banc\u0103: ING BANK <\/strong><\/p>\n<p><strong>IBAN: RO60INGB0000999903385519<\/strong><\/p>\n<p>&nbsp;<\/p>\n<p><strong>Ambele conturi sunt \u00een Ron.<\/strong><\/p>\n","protected":false},"excerpt":{"rendered":"<p>Numele meu este Nicoleta Neac\u0219u, am 33 de ani, sunt so\u021bie \u0219i mam\u0103 a unui b\u0103ie\u021bel de zece ani. Apelez la bun\u0103voin\u021ba \u0219i sprijinul dumneavoastr\u0103 \u00een speran\u021ba c\u0103<\/p>\n","protected":false},"author":2,"featured_media":0,"comment_status":"open","ping_status":"open","sticky":false,"template":"","format":"standard","meta":{"footnotes":""},"categories":[6],"tags":[],"class_list":["post-99230","post","type-post","status-publish","format-standard","hentry","category-breaking-news"],"_links":{"self":[{"href":"https:\/\/www.giurgiuveanul.ro\/stiri\/wp-json\/wp\/v2\/posts\/99230","targetHints":{"allow":["GET"]}}],"collection":[{"href":"https:\/\/www.giurgiuveanul.ro\/stiri\/wp-json\/wp\/v2\/posts"}],"about":[{"href":"https:\/\/www.giurgiuveanul.ro\/stiri\/wp-json\/wp\/v2\/types\/post"}],"author":[{"embeddable":true,"href":"https:\/\/www.giurgiuveanul.ro\/stiri\/wp-json\/wp\/v2\/users\/2"}],"replies":[{"embeddable":true,"href":"https:\/\/www.giurgiuveanul.ro\/stiri\/wp-json\/wp\/v2\/comments?post=99230"}],"version-history":[{"count":0,"href":"https:\/\/www.giurgiuveanul.ro\/stiri\/wp-json\/wp\/v2\/posts\/99230\/revisions"}],"wp:attachment":[{"href":"https:\/\/www.giurgiuveanul.ro\/stiri\/wp-json\/wp\/v2\/media?parent=99230"}],"wp:term":[{"taxonomy":"category","embeddable":true,"href":"https:\/\/www.giurgiuveanul.ro\/stiri\/wp-json\/wp\/v2\/categories?post=99230"},{"taxonomy":"post_tag","embeddable":true,"href":"https:\/\/www.giurgiuveanul.ro\/stiri\/wp-json\/wp\/v2\/tags?post=99230"}],"curies":[{"name":"wp","href":"https:\/\/api.w.org\/{rel}","templated":true}]}}