{"id":99246,"date":"2023-08-02T16:52:23","date_gmt":"2023-08-02T13:52:23","guid":{"rendered":"https:\/\/www.giurgiuveanul.ro\/stiri\/?p=99246"},"modified":"2023-08-02T16:52:23","modified_gmt":"2023-08-02T13:52:23","slug":"isu-giurgiu-interventie-la-un-incendiu-care-a-afectat-doua-case-foto","status":"publish","type":"post","link":"https:\/\/www.giurgiuveanul.ro\/stiri\/isu-giurgiu-interventie-la-un-incendiu-care-a-afectat-doua-case-foto\/","title":{"rendered":"ISU Giurgiu, interven\u0163ie la un incendiu care a afectat dou\u0103 case (FOTO)"},"content":{"rendered":"<p style=\"text-align: justify;\"><strong><a href=\"https:\/\/www.giurgiuveanul.ro\/stiri\/wp-content\/uploads\/2023\/08\/00000000000000000000000000.jpeg\"><img loading=\"lazy\" decoding=\"async\" class=\"aligncenter  wp-image-99247\" src=\"https:\/\/www.giurgiuveanul.ro\/stiri\/wp-content\/uploads\/2023\/08\/00000000000000000000000000-560x420.jpeg\" alt=\"\" width=\"581\" height=\"436\" srcset=\"https:\/\/www.giurgiuveanul.ro\/stiri\/wp-content\/uploads\/2023\/08\/00000000000000000000000000-560x420.jpeg 560w, https:\/\/www.giurgiuveanul.ro\/stiri\/wp-content\/uploads\/2023\/08\/00000000000000000000000000-250x188.jpeg 250w, https:\/\/www.giurgiuveanul.ro\/stiri\/wp-content\/uploads\/2023\/08\/00000000000000000000000000-768x576.jpeg 768w, https:\/\/www.giurgiuveanul.ro\/stiri\/wp-content\/uploads\/2023\/08\/00000000000000000000000000-1536x1152.jpeg 1536w, https:\/\/www.giurgiuveanul.ro\/stiri\/wp-content\/uploads\/2023\/08\/00000000000000000000000000-400x300.jpeg 400w, https:\/\/www.giurgiuveanul.ro\/stiri\/wp-content\/uploads\/2023\/08\/00000000000000000000000000.jpeg 1600w\" sizes=\"auto, (max-width: 581px) 100vw, 581px\" \/><\/a>Dou\u0103 case, aflate \u00een<!--more--> aceea\u0219i curte, au luat foc ast\u0103zi, \u00een jurul pr\u00e2nzului, \u00een localitatea Comana. Proprietarii nu erau la domiciliu \u00een momentul \u00een care s-a produs evenimentul, iar incendiul a fost observat destul de t\u00e2rziu, potrivit informa\u0163iilor furnizate de ISU Giurgiu<\/strong><\/p>\n<p style=\"text-align: justify;\">Casele erau construite la o distan\u021b\u0103 mic\u0103 una fa\u021b\u0103 de cealalt\u0103, iar fl\u0103c\u0103rile s-au extins rapid.<\/p>\n<p style=\"text-align: justify;\">\n<p style=\"text-align: justify;\">La caz au intervenit pompierii din cadrul Sta\u021biei Coliba\u0219i, Punctelor de Lucru Greaca \u0219i C\u0103lug\u0103reni cu patru autospeciale de stingere cu ap\u0103 \u0219i spum\u0103. Ace\u0219tia au constatat faptul c\u0103 cele dou\u0103 locuin\u021be ardeau generalizat, prima dintre acestea pe o suprafa\u021b\u0103 de aproximativ 25 mp, iar cea de-a doua pe circa 80 mp.<\/p>\n<p style=\"text-align: justify;\">\n<p style=\"text-align: justify;\">Cel mai probabil incendiul a fost provocat de un scurtcircuit (contor electric defect).<\/p>\n<p style=\"text-align: justify;\">\n<p style=\"text-align: justify;\"><strong>Informare preventiv\u0103 <\/strong><\/p>\n<p style=\"text-align: justify;\">\n<p style=\"text-align: justify;\">Pentru \u00eenl\u0103turarea pericolului de incendiu ce poate ap\u0103rea pe timpul exploat\u0103rii instala\u021biei electrice, trebuie adoptate urm\u0103toarele m\u0103suri:<\/p>\n<p style=\"text-align: justify;\">&#8211; verifica\u021bi periodic instala\u0163ia electric\u0103, cu ajutorul personalului autorizat;<\/p>\n<p style=\"text-align: justify;\">&#8211; nu folosi\u0163i instala\u0163ii electrice improvizate. Fie c\u0103 este vorba de repara\u0163ia unui aparat electrocasnic, de prelungirea traseului unui cablu sau de repararea unei siguran\u0163e, improviza\u0163iile reprezint\u0103 pot conduce la un incendiu. Orice eroare de prindere sau de izola\u0163ie poate crea un scurtcircuit sau o desc\u0103rcare de curent;<\/p>\n<p style=\"text-align: justify;\">&#8211;\u00a0\u00a0\u00a0\u00a0\u00a0\u00a0 nu alimenta\u0163i mai mul\u0163i consumatori electrici din acela\u015fi prelungitor, concomitent;<\/p>\n<p style=\"text-align: justify;\">&#8211;\u00a0\u00a0\u00a0\u00a0\u00a0\u00a0 nu folosi\u0163i prize sau \u00eentrerup\u0103toare sl\u0103bite. \u00cen cazul \u00een care observa\u0163i c\u0103 priza se mi\u015fc\u0103 sau c\u0103 \u00een jurul \u00eentrerup\u0103torului exist\u0103 orificii libere, cere\u0163i ajutorul unui specialist pentru schimbarea prizei\/\u00eentrerup\u0103torului \u015fi pentru izolarea zonei respective;<\/p>\n<p style=\"text-align: justify;\">&#8211;\u00a0\u00a0\u00a0\u00a0\u00a0\u00a0 nu utiliza\u0163i aparate electrice care au conductorii de alimentare uza\u0163i, deteriora\u0163i sau care nu mai au \u015ftecher;<\/p>\n<p style=\"text-align: justify;\">&#8211;\u00a0\u00a0\u00a0\u00a0\u00a0\u00a0 nu l\u0103sa\u0163i aparatele electrice sub tensiune c\u00e2nd nu le folosi\u0163i deoarece acestea pot fi oric\u00e2nd surse generatoare de incendiu.<\/p>\n","protected":false},"excerpt":{"rendered":"<p>Dou\u0103 case, aflate \u00een<\/p>\n","protected":false},"author":2,"featured_media":0,"comment_status":"open","ping_status":"open","sticky":false,"template":"","format":"standard","meta":{"footnotes":""},"categories":[6],"tags":[],"class_list":["post-99246","post","type-post","status-publish","format-standard","hentry","category-breaking-news"],"_links":{"self":[{"href":"https:\/\/www.giurgiuveanul.ro\/stiri\/wp-json\/wp\/v2\/posts\/99246","targetHints":{"allow":["GET"]}}],"collection":[{"href":"https:\/\/www.giurgiuveanul.ro\/stiri\/wp-json\/wp\/v2\/posts"}],"about":[{"href":"https:\/\/www.giurgiuveanul.ro\/stiri\/wp-json\/wp\/v2\/types\/post"}],"author":[{"embeddable":true,"href":"https:\/\/www.giurgiuveanul.ro\/stiri\/wp-json\/wp\/v2\/users\/2"}],"replies":[{"embeddable":true,"href":"https:\/\/www.giurgiuveanul.ro\/stiri\/wp-json\/wp\/v2\/comments?post=99246"}],"version-history":[{"count":0,"href":"https:\/\/www.giurgiuveanul.ro\/stiri\/wp-json\/wp\/v2\/posts\/99246\/revisions"}],"wp:attachment":[{"href":"https:\/\/www.giurgiuveanul.ro\/stiri\/wp-json\/wp\/v2\/media?parent=99246"}],"wp:term":[{"taxonomy":"category","embeddable":true,"href":"https:\/\/www.giurgiuveanul.ro\/stiri\/wp-json\/wp\/v2\/categories?post=99246"},{"taxonomy":"post_tag","embeddable":true,"href":"https:\/\/www.giurgiuveanul.ro\/stiri\/wp-json\/wp\/v2\/tags?post=99246"}],"curies":[{"name":"wp","href":"https:\/\/api.w.org\/{rel}","templated":true}]}}