{"id":99268,"date":"2023-08-03T09:53:13","date_gmt":"2023-08-03T06:53:13","guid":{"rendered":"https:\/\/www.giurgiuveanul.ro\/stiri\/?p=99268"},"modified":"2023-08-03T09:55:18","modified_gmt":"2023-08-03T06:55:18","slug":"masura-arestarii-preventive-pe-30-zile-pentru-amenintare-si-incalcarea-masurilor-dispuse-prin-ordinul-de-protectie-provizoriu","status":"publish","type":"post","link":"https:\/\/www.giurgiuveanul.ro\/stiri\/masura-arestarii-preventive-pe-30-zile-pentru-amenintare-si-incalcarea-masurilor-dispuse-prin-ordinul-de-protectie-provizoriu\/","title":{"rendered":"Arest preventiv pe 30 zile, pentru amenin\u0163are \u0219i \u00eenc\u0103lcarea m\u0103surilor dispuse prin ordinul de protec\u0163ie provizoriu"},"content":{"rendered":"<p style=\"text-align: justify;\"><strong><a href=\"https:\/\/www.giurgiuveanul.ro\/stiri\/wp-content\/uploads\/2023\/08\/000-arestat.jpg\"><img loading=\"lazy\" decoding=\"async\" class=\"aligncenter wp-image-99269\" src=\"https:\/\/www.giurgiuveanul.ro\/stiri\/wp-content\/uploads\/2023\/08\/000-arestat-444x450.jpg\" alt=\"\" width=\"564\" height=\"572\" srcset=\"https:\/\/www.giurgiuveanul.ro\/stiri\/wp-content\/uploads\/2023\/08\/000-arestat-444x450.jpg 444w, https:\/\/www.giurgiuveanul.ro\/stiri\/wp-content\/uploads\/2023\/08\/000-arestat-250x253.jpg 250w, https:\/\/www.giurgiuveanul.ro\/stiri\/wp-content\/uploads\/2023\/08\/000-arestat-768x778.jpg 768w, https:\/\/www.giurgiuveanul.ro\/stiri\/wp-content\/uploads\/2023\/08\/000-arestat-400x405.jpg 400w, https:\/\/www.giurgiuveanul.ro\/stiri\/wp-content\/uploads\/2023\/08\/000-arestat.jpg 885w\" sizes=\"auto, (max-width: 564px) 100vw, 564px\" \/><\/a>Poli\u021bia<!--more--> ora\u0219 Bolintin Vale a fost sesizat\u0103, la data de 1 august a.c., ora 15.45, \u00a0prin apel 112, de c\u0103tre o femeie, cu privire la faptul c\u0103 un b\u0103rbat provoac\u0103 scandal la domiciliul mamei acestuia, din localitatea Bolintin Vale.<\/strong><\/p>\n<p style=\"text-align: justify;\">\u00cen temeiul sesiz\u0103rii, la fa\u021ba locului s-au deplasat poli\u021bi\u0219tii, iar, din primele cercet\u0103ri, a reie\u0219it faptul c\u0103, la data de 1 august a.c.,\u00a0 ora 15.30, un b\u0103rbat, de 55 de ani, ar fi amenin\u021bat cu acte de violen\u021b\u0103, at\u00e2t pe mama sa, c\u00e2t \u0219i pe fratele s\u0103u, afla\u021bi la domiciliu, cre\u00e2ndu-le acestora o stare de temere.<\/p>\n<p style=\"text-align: justify;\">La data de 27 iulie a.c., fa\u021b\u0103 de b\u0103rbatul \u00een cauz\u0103 a fost emis, de c\u0103tre poli\u021bi\u0219ti, un ordin de protec\u021bie provizoriu, iar la data de 1 august a.c., Judec\u0103toria Bolintin-Vale a emis un ordin de protec\u021bie pentru 12 luni, cu obliga\u021bia de a nu se apropia de mama sa.<\/p>\n<p style=\"text-align: justify;\">Poli\u021bi\u0219tii au \u00eentocmit un dosar penal sub aspectul s\u0103v\u00e2r\u015firii infrac\u0163iunilor de amenintare \u0219i \u00eenc\u0103lcarea m\u0103surilor dispuse prin ordinul de protec\u0163ie provizoriu.<\/p>\n<p style=\"text-align: justify;\">De asemenea, din cercet\u0103ri a reie\u0219it faptul c\u0103, la \u00eenceputul lunii iulie a.c., b\u0103rbatul a mai fost cercetat penal pentru s\u0103v\u00e2r\u0219irea infrac\u021biunilor de violen\u021b\u0103 \u00een familie, amenin\u021bare \u0219i \u00eenc\u0103lcarea ordinului de protec\u021bie provizoriu.<\/p>\n<p style=\"text-align: justify;\">La data de 1 august a.c., pe baza probatoriului administrat, sub coordonarea unui procuror din cadrul Parchetului de pe l\u00e2ng\u0103 Judec\u0103toria Bolintin Vale, b\u0103rbatul a fost re\u021binut, pentru 24 de ore, iar, la data de 2 august a.c., instan\u021ba de judecat\u0103 a dispus, fa\u021b\u0103 de acesta, m\u0103sura arest\u0103rii preventive, pentru 30 de zile.<\/p>\n","protected":false},"excerpt":{"rendered":"<p>Poli\u021bia<\/p>\n","protected":false},"author":2,"featured_media":0,"comment_status":"open","ping_status":"open","sticky":false,"template":"","format":"standard","meta":{"footnotes":""},"categories":[6],"tags":[],"class_list":["post-99268","post","type-post","status-publish","format-standard","hentry","category-breaking-news"],"_links":{"self":[{"href":"https:\/\/www.giurgiuveanul.ro\/stiri\/wp-json\/wp\/v2\/posts\/99268","targetHints":{"allow":["GET"]}}],"collection":[{"href":"https:\/\/www.giurgiuveanul.ro\/stiri\/wp-json\/wp\/v2\/posts"}],"about":[{"href":"https:\/\/www.giurgiuveanul.ro\/stiri\/wp-json\/wp\/v2\/types\/post"}],"author":[{"embeddable":true,"href":"https:\/\/www.giurgiuveanul.ro\/stiri\/wp-json\/wp\/v2\/users\/2"}],"replies":[{"embeddable":true,"href":"https:\/\/www.giurgiuveanul.ro\/stiri\/wp-json\/wp\/v2\/comments?post=99268"}],"version-history":[{"count":0,"href":"https:\/\/www.giurgiuveanul.ro\/stiri\/wp-json\/wp\/v2\/posts\/99268\/revisions"}],"wp:attachment":[{"href":"https:\/\/www.giurgiuveanul.ro\/stiri\/wp-json\/wp\/v2\/media?parent=99268"}],"wp:term":[{"taxonomy":"category","embeddable":true,"href":"https:\/\/www.giurgiuveanul.ro\/stiri\/wp-json\/wp\/v2\/categories?post=99268"},{"taxonomy":"post_tag","embeddable":true,"href":"https:\/\/www.giurgiuveanul.ro\/stiri\/wp-json\/wp\/v2\/tags?post=99268"}],"curies":[{"name":"wp","href":"https:\/\/api.w.org\/{rel}","templated":true}]}}