{"id":99277,"date":"2023-08-03T15:27:07","date_gmt":"2023-08-03T12:27:07","guid":{"rendered":"https:\/\/www.giurgiuveanul.ro\/stiri\/?p=99277"},"modified":"2023-08-03T15:27:42","modified_gmt":"2023-08-03T12:27:42","slug":"primarul-constantin-dumitru-va-invita-la-festivalul-florilor-cea-mai-importanta-sarbatoare-a-comunitatii-din-floresti-stoenesti","status":"publish","type":"post","link":"https:\/\/www.giurgiuveanul.ro\/stiri\/primarul-constantin-dumitru-va-invita-la-festivalul-florilor-cea-mai-importanta-sarbatoare-a-comunitatii-din-floresti-stoenesti\/","title":{"rendered":"Primarul Constantin Dumitru v\u0103 invit\u0103 la \u201dFestivalul Florilor\u201d, cea mai important\u0103 s\u0103rb\u0103toare a comunit\u0103\u021bii din Flore\u0219ti-Stoene\u0219ti!"},"content":{"rendered":"<p><strong><a href=\"https:\/\/www.giurgiuveanul.ro\/stiri\/wp-content\/uploads\/2023\/08\/000-festivalul-florilor.jpeg\"><img loading=\"lazy\" decoding=\"async\" class=\"aligncenter wp-image-99278\" src=\"https:\/\/www.giurgiuveanul.ro\/stiri\/wp-content\/uploads\/2023\/08\/000-festivalul-florilor-318x450.jpeg\" alt=\"\" width=\"570\" height=\"806\" srcset=\"https:\/\/www.giurgiuveanul.ro\/stiri\/wp-content\/uploads\/2023\/08\/000-festivalul-florilor-318x450.jpeg 318w, https:\/\/www.giurgiuveanul.ro\/stiri\/wp-content\/uploads\/2023\/08\/000-festivalul-florilor-212x300.jpeg 212w, https:\/\/www.giurgiuveanul.ro\/stiri\/wp-content\/uploads\/2023\/08\/000-festivalul-florilor-768x1087.jpeg 768w, https:\/\/www.giurgiuveanul.ro\/stiri\/wp-content\/uploads\/2023\/08\/000-festivalul-florilor-1085x1536.jpeg 1085w, https:\/\/www.giurgiuveanul.ro\/stiri\/wp-content\/uploads\/2023\/08\/000-festivalul-florilor-1447x2048.jpeg 1447w, https:\/\/www.giurgiuveanul.ro\/stiri\/wp-content\/uploads\/2023\/08\/000-festivalul-florilor-400x566.jpeg 400w, https:\/\/www.giurgiuveanul.ro\/stiri\/wp-content\/uploads\/2023\/08\/000-festivalul-florilor.jpeg 1809w\" sizes=\"auto, (max-width: 570px) 100vw, 570px\" \/><\/a>\u00cen localitatea Flore\u0219ti-Stoene\u0219ti, cea mai mare<!--more--> comun\u0103 din jude\u021bul Giurgiu, obiceiurile bune sunt p\u0103strate cu sfin\u021benie.<\/strong><\/p>\n<p>&nbsp;<\/p>\n<p>Cu mic, cu mare, locuitorii comunei, dar \u0219i din tot jude\u021bul, sunt invita\u021bi, <strong>duminic\u0103, 6 august,<\/strong> la <strong>o zi de mare s\u0103rb\u0103toare, unde vor domina voia bun\u0103, distrac\u021bia \u0219i multele surprize preg\u0103tite de Prim\u0103ria localit\u0103\u021bii \u0219i Consiliul Local<\/strong>.<\/p>\n<p>&nbsp;<\/p>\n<p><strong>\u201dFestivalul Florilor\u201d din Flore\u0219ti-Stoene\u0219ti<\/strong> a ajuns la <strong>cea de-a 6-a edi\u021bie<\/strong> \u0219i este <strong>cea mai important\u0103 s\u0103rb\u0103toare a comunit\u0103\u021bii locale<\/strong>, unde an de an particip\u0103 mii de persoane, \u00eentr-o zi dedicat\u0103 relax\u0103rii.<\/p>\n<p>&nbsp;<\/p>\n<p>\u0218i pentru c\u0103 participan\u021bii merit\u0103 un spectacol cu arti\u0219ti de renume, pe scena special amenajat\u0103 pe stadionul din satul Flore\u0219ti, vor c\u00e2nta \u0219i vor \u00eenc\u00e2nta <strong>Liviu Pu\u0219tiu, Adrian Caval \u0219i Taraful, Minodora, Roxana Dobri\u021boiu \u0219i Lavinia Ioana<\/strong>.<\/p>\n<p>&nbsp;<\/p>\n<p>\u0218i dac\u0103 sunt iubitori ai altor genuri muzicale, <strong>primarul Constantin Dunmitru preg\u0103te\u0219te pentru orele t\u00e2rzii ale serii c\u00e2teva \u201dpor\u021bii\u201d de Deep Purple, Led Zepellin, Judas Priest.<\/strong><\/p>\n","protected":false},"excerpt":{"rendered":"<p>\u00cen localitatea Flore\u0219ti-Stoene\u0219ti, cea mai mare<\/p>\n","protected":false},"author":2,"featured_media":0,"comment_status":"open","ping_status":"open","sticky":false,"template":"","format":"standard","meta":{"footnotes":""},"categories":[6],"tags":[],"class_list":["post-99277","post","type-post","status-publish","format-standard","hentry","category-breaking-news"],"_links":{"self":[{"href":"https:\/\/www.giurgiuveanul.ro\/stiri\/wp-json\/wp\/v2\/posts\/99277","targetHints":{"allow":["GET"]}}],"collection":[{"href":"https:\/\/www.giurgiuveanul.ro\/stiri\/wp-json\/wp\/v2\/posts"}],"about":[{"href":"https:\/\/www.giurgiuveanul.ro\/stiri\/wp-json\/wp\/v2\/types\/post"}],"author":[{"embeddable":true,"href":"https:\/\/www.giurgiuveanul.ro\/stiri\/wp-json\/wp\/v2\/users\/2"}],"replies":[{"embeddable":true,"href":"https:\/\/www.giurgiuveanul.ro\/stiri\/wp-json\/wp\/v2\/comments?post=99277"}],"version-history":[{"count":0,"href":"https:\/\/www.giurgiuveanul.ro\/stiri\/wp-json\/wp\/v2\/posts\/99277\/revisions"}],"wp:attachment":[{"href":"https:\/\/www.giurgiuveanul.ro\/stiri\/wp-json\/wp\/v2\/media?parent=99277"}],"wp:term":[{"taxonomy":"category","embeddable":true,"href":"https:\/\/www.giurgiuveanul.ro\/stiri\/wp-json\/wp\/v2\/categories?post=99277"},{"taxonomy":"post_tag","embeddable":true,"href":"https:\/\/www.giurgiuveanul.ro\/stiri\/wp-json\/wp\/v2\/tags?post=99277"}],"curies":[{"name":"wp","href":"https:\/\/api.w.org\/{rel}","templated":true}]}}