{"id":99283,"date":"2023-08-03T15:54:36","date_gmt":"2023-08-03T12:54:36","guid":{"rendered":"https:\/\/www.giurgiuveanul.ro\/stiri\/?p=99283"},"modified":"2023-08-03T16:10:28","modified_gmt":"2023-08-03T13:10:28","slug":"prima-editie-de-yard-sale-la-giurgiu","status":"publish","type":"post","link":"https:\/\/www.giurgiuveanul.ro\/stiri\/prima-editie-de-yard-sale-la-giurgiu\/","title":{"rendered":"Prima edi\u021bie de \u201eYard Sale\u201d&#8230; la Giurgiu!"},"content":{"rendered":"<p style=\"text-align: justify;\"><strong><a href=\"https:\/\/www.giurgiuveanul.ro\/stiri\/wp-content\/uploads\/2023\/08\/000-Yard-Sale.jpg\"><img loading=\"lazy\" decoding=\"async\" class=\"aligncenter wp-image-99285\" src=\"https:\/\/www.giurgiuveanul.ro\/stiri\/wp-content\/uploads\/2023\/08\/000-Yard-Sale-560x214.jpg\" alt=\"\" width=\"594\" height=\"227\" srcset=\"https:\/\/www.giurgiuveanul.ro\/stiri\/wp-content\/uploads\/2023\/08\/000-Yard-Sale-560x214.jpg 560w, https:\/\/www.giurgiuveanul.ro\/stiri\/wp-content\/uploads\/2023\/08\/000-Yard-Sale-250x95.jpg 250w, https:\/\/www.giurgiuveanul.ro\/stiri\/wp-content\/uploads\/2023\/08\/000-Yard-Sale-768x293.jpg 768w, https:\/\/www.giurgiuveanul.ro\/stiri\/wp-content\/uploads\/2023\/08\/000-Yard-Sale-400x153.jpg 400w, https:\/\/www.giurgiuveanul.ro\/stiri\/wp-content\/uploads\/2023\/08\/000-Yard-Sale.jpg 972w\" sizes=\"auto, (max-width: 594px) 100vw, 594px\" \/><\/a>Prima edi\u021bie de \u201eYard Sale\u201d din ora\u0219ul nostru, se va desf\u0103\u0219ura \u00een fa\u021ba<!--more--> Teatrului \u201eTudor Vianu\u201d, \u00een data de 12 august 2023, \u00eencep\u00e2nd cu orele 10:00, \u015fi va fi organizat de doctori\u0163a Roxana Ciobanu.<\/strong><\/p>\n<p style=\"text-align: justify;\">\u00cen cadrul evenimentului, schimb\u0103m perspectiva asupra hainelor vechi \u0219i socializam \u00eentr-un mediu pl\u0103cut.<\/p>\n<p style=\"text-align: justify;\">Solu\u021bia cea mai eficient\u0103 din punct de vedere financiar \u0219i ecologic este cea a reutiliz\u0103rii, a prelungirii ciclului de via\u021b\u0103 &#8211; o hain\u0103 va ajunge s\u0103 fie purtat\u0103 de mai multe ori. D\u0103m o a doua \u0219ans\u0103 hainelor, pantofilor, bijuteriilor, obiectelor decorative.<\/p>\n<p style=\"text-align: justify;\">Scotoce\u0219te si g\u0103se\u0219te la pre\u021buri minime comori de care ne-am plictisit, care nu ne mai \u00eencap, pe care nu mai avem unde s\u0103 le depozitam.<\/p>\n<p style=\"text-align: justify;\">Intrare liber\u0103!<\/p>\n<p style=\"text-align: justify;\"><strong>\u201eYard Sale\u201d este un proiect care are ca scop statornicirea no\u021biunii de \u201cYard Sale \u2013 REUSE, RECYCLE!\u201d \u0219i \u00een Rom\u00e2nia, printre tinerii consumatori, prin organizarea de evenimente lunare.<\/strong><\/p>\n","protected":false},"excerpt":{"rendered":"<p>Prima edi\u021bie de \u201eYard Sale\u201d din ora\u0219ul nostru, se va desf\u0103\u0219ura \u00een fa\u021ba<\/p>\n","protected":false},"author":2,"featured_media":0,"comment_status":"open","ping_status":"open","sticky":false,"template":"","format":"standard","meta":{"footnotes":""},"categories":[6],"tags":[],"class_list":["post-99283","post","type-post","status-publish","format-standard","hentry","category-breaking-news"],"_links":{"self":[{"href":"https:\/\/www.giurgiuveanul.ro\/stiri\/wp-json\/wp\/v2\/posts\/99283","targetHints":{"allow":["GET"]}}],"collection":[{"href":"https:\/\/www.giurgiuveanul.ro\/stiri\/wp-json\/wp\/v2\/posts"}],"about":[{"href":"https:\/\/www.giurgiuveanul.ro\/stiri\/wp-json\/wp\/v2\/types\/post"}],"author":[{"embeddable":true,"href":"https:\/\/www.giurgiuveanul.ro\/stiri\/wp-json\/wp\/v2\/users\/2"}],"replies":[{"embeddable":true,"href":"https:\/\/www.giurgiuveanul.ro\/stiri\/wp-json\/wp\/v2\/comments?post=99283"}],"version-history":[{"count":0,"href":"https:\/\/www.giurgiuveanul.ro\/stiri\/wp-json\/wp\/v2\/posts\/99283\/revisions"}],"wp:attachment":[{"href":"https:\/\/www.giurgiuveanul.ro\/stiri\/wp-json\/wp\/v2\/media?parent=99283"}],"wp:term":[{"taxonomy":"category","embeddable":true,"href":"https:\/\/www.giurgiuveanul.ro\/stiri\/wp-json\/wp\/v2\/categories?post=99283"},{"taxonomy":"post_tag","embeddable":true,"href":"https:\/\/www.giurgiuveanul.ro\/stiri\/wp-json\/wp\/v2\/tags?post=99283"}],"curies":[{"name":"wp","href":"https:\/\/api.w.org\/{rel}","templated":true}]}}