{"id":99295,"date":"2023-08-04T09:45:35","date_gmt":"2023-08-04T06:45:35","guid":{"rendered":"https:\/\/www.giurgiuveanul.ro\/stiri\/?p=99295"},"modified":"2023-08-04T10:46:39","modified_gmt":"2023-08-04T07:46:39","slug":"%f0%9d%90%8b%f0%9d%90%9a-%f0%9d%90%81%f0%9d%90%a2%f0%9d%90%b3%f0%9d%90%9e%f0%9d%90%ad-%f0%9d%90%9c%f0%9d%90%9e%f0%9d%90%a5-%f0%9d%90%a6%f0%9d%90%9a%f0%9d%90%a2-%f0%9d%90%a7","status":"publish","type":"post","link":"https:\/\/www.giurgiuveanul.ro\/stiri\/%f0%9d%90%8b%f0%9d%90%9a-%f0%9d%90%81%f0%9d%90%a2%f0%9d%90%b3%f0%9d%90%9e%f0%9d%90%ad-%f0%9d%90%9c%f0%9d%90%9e%f0%9d%90%a5-%f0%9d%90%a6%f0%9d%90%9a%f0%9d%90%a2-%f0%9d%90%a7\/","title":{"rendered":"\u201e\ud835\udc0b\ud835\udc1a \ud835\udc01\ud835\udc22\ud835\udc33\ud835\udc1e\ud835\udc2d\u201d, \ud835\udc1c\ud835\udc1e\ud835\udc25 \ud835\udc26\ud835\udc1a\ud835\udc22 \ud835\udc27\ud835\udc28\ud835\udc2e \ud835\udc2b\ud835\udc1e\ud835\udc2c\ud835\udc2d\ud835\udc1a\ud835\udc2e\ud835\udc2b\ud835\udc1a\ud835\udc27\ud835\udc2d \ud835\udc1d\ud835\udc22\ud835\udc27 \ud835\udc06\ud835\udc22\ud835\udc2e\ud835\udc2b\ud835\udc20\ud835\udc22\ud835\udc2e, \ud835\udc2f\ud835\udc1a\u0306 \ud835\udc1a\ud835\udc2c\u0327\ud835\udc2d\ud835\udc1e\ud835\udc1a\ud835\udc29\ud835\udc2d\ud835\udc1a\u0306, \ud835\udc1a\ud835\udc2c\ud835\udc2d\ud835\udc1a\u0306\ud835\udc33\ud835\udc22, \ud835\udc25\ud835\udc1a \ud835\udc28 \ud835\udc2c\ud835\udc1e\ud835\udc1a\ud835\udc2b\ud835\udc1a\u0306 \ud835\udc1c\ud835\udc2e\ud835\udc1b\ud835\udc1a\ud835\udc27\ud835\udc1e\ud835\udc33\ud835\udc1a\u0306!"},"content":{"rendered":"<p style=\"text-align: justify;\"><strong><a href=\"https:\/\/www.giurgiuveanul.ro\/stiri\/wp-content\/uploads\/2023\/08\/1-1.jpg\"><img loading=\"lazy\" decoding=\"async\" class=\"aligncenter wp-image-99296\" src=\"https:\/\/www.giurgiuveanul.ro\/stiri\/wp-content\/uploads\/2023\/08\/1-1-560x357.jpg\" alt=\"\" width=\"579\" height=\"369\" srcset=\"https:\/\/www.giurgiuveanul.ro\/stiri\/wp-content\/uploads\/2023\/08\/1-1-560x357.jpg 560w, https:\/\/www.giurgiuveanul.ro\/stiri\/wp-content\/uploads\/2023\/08\/1-1-250x159.jpg 250w, https:\/\/www.giurgiuveanul.ro\/stiri\/wp-content\/uploads\/2023\/08\/1-1-768x489.jpg 768w, https:\/\/www.giurgiuveanul.ro\/stiri\/wp-content\/uploads\/2023\/08\/1-1-1536x979.jpg 1536w, https:\/\/www.giurgiuveanul.ro\/stiri\/wp-content\/uploads\/2023\/08\/1-1-400x255.jpg 400w, https:\/\/www.giurgiuveanul.ro\/stiri\/wp-content\/uploads\/2023\/08\/1-1.jpg 2048w\" sizes=\"auto, (max-width: 579px) 100vw, 579px\" \/><\/a>Giurgiuvenii, \u015fi nu numai, sunt invita\u0163i ast\u0103zi, 4 august a.c., dup\u0103-amiaza, seara \u015fi noaptea &#8211; \u00een<!--more--> adierea v\u00e2ntului cald de var\u0103 &#8211; la o&#8230; o petrecere cubanez\u0103, \u00een cel mai nou restaurant din Giurgiu &#8211;<\/strong> \u201e\ud835\udc0b\ud835\udc1a \ud835\udc01\ud835\udc22\ud835\udc33\ud835\udc1e\ud835\udc2d\u201d!<\/p>\n<p><a href=\"https:\/\/www.giurgiuveanul.ro\/stiri\/wp-content\/uploads\/2023\/08\/2-1.jpg\"><img loading=\"lazy\" decoding=\"async\" class=\"aligncenter wp-image-99298\" src=\"https:\/\/www.giurgiuveanul.ro\/stiri\/wp-content\/uploads\/2023\/08\/2-1-560x373.jpg\" alt=\"\" width=\"569\" height=\"379\" srcset=\"https:\/\/www.giurgiuveanul.ro\/stiri\/wp-content\/uploads\/2023\/08\/2-1-560x373.jpg 560w, https:\/\/www.giurgiuveanul.ro\/stiri\/wp-content\/uploads\/2023\/08\/2-1-250x167.jpg 250w, https:\/\/www.giurgiuveanul.ro\/stiri\/wp-content\/uploads\/2023\/08\/2-1-768x512.jpg 768w, https:\/\/www.giurgiuveanul.ro\/stiri\/wp-content\/uploads\/2023\/08\/2-1-1536x1024.jpg 1536w, https:\/\/www.giurgiuveanul.ro\/stiri\/wp-content\/uploads\/2023\/08\/2-1-400x267.jpg 400w, https:\/\/www.giurgiuveanul.ro\/stiri\/wp-content\/uploads\/2023\/08\/2-1.jpg 2048w\" sizes=\"auto, (max-width: 569px) 100vw, 569px\" \/><\/a> <a href=\"https:\/\/www.giurgiuveanul.ro\/stiri\/wp-content\/uploads\/2023\/08\/3-1.jpg\"><img loading=\"lazy\" decoding=\"async\" class=\"aligncenter wp-image-99299\" src=\"https:\/\/www.giurgiuveanul.ro\/stiri\/wp-content\/uploads\/2023\/08\/3-1-560x370.jpg\" alt=\"\" width=\"565\" height=\"373\" srcset=\"https:\/\/www.giurgiuveanul.ro\/stiri\/wp-content\/uploads\/2023\/08\/3-1-560x370.jpg 560w, https:\/\/www.giurgiuveanul.ro\/stiri\/wp-content\/uploads\/2023\/08\/3-1-250x165.jpg 250w, https:\/\/www.giurgiuveanul.ro\/stiri\/wp-content\/uploads\/2023\/08\/3-1-768x507.jpg 768w, https:\/\/www.giurgiuveanul.ro\/stiri\/wp-content\/uploads\/2023\/08\/3-1-1536x1015.jpg 1536w, https:\/\/www.giurgiuveanul.ro\/stiri\/wp-content\/uploads\/2023\/08\/3-1-400x264.jpg 400w, https:\/\/www.giurgiuveanul.ro\/stiri\/wp-content\/uploads\/2023\/08\/3-1.jpg 2048w\" sizes=\"auto, (max-width: 565px) 100vw, 565px\" \/><\/a> <a href=\"https:\/\/www.giurgiuveanul.ro\/stiri\/wp-content\/uploads\/2023\/08\/4-1.jpg\"><img loading=\"lazy\" decoding=\"async\" class=\"aligncenter wp-image-99300\" src=\"https:\/\/www.giurgiuveanul.ro\/stiri\/wp-content\/uploads\/2023\/08\/4-1-560x398.jpg\" alt=\"\" width=\"566\" height=\"402\" srcset=\"https:\/\/www.giurgiuveanul.ro\/stiri\/wp-content\/uploads\/2023\/08\/4-1-560x398.jpg 560w, https:\/\/www.giurgiuveanul.ro\/stiri\/wp-content\/uploads\/2023\/08\/4-1-250x177.jpg 250w, https:\/\/www.giurgiuveanul.ro\/stiri\/wp-content\/uploads\/2023\/08\/4-1-768x545.jpg 768w, https:\/\/www.giurgiuveanul.ro\/stiri\/wp-content\/uploads\/2023\/08\/4-1-1536x1091.jpg 1536w, https:\/\/www.giurgiuveanul.ro\/stiri\/wp-content\/uploads\/2023\/08\/4-1-400x284.jpg 400w, https:\/\/www.giurgiuveanul.ro\/stiri\/wp-content\/uploads\/2023\/08\/4-1.jpg 2048w\" sizes=\"auto, (max-width: 566px) 100vw, 566px\" \/><\/a><\/p>\n<p style=\"text-align: justify;\">Restaurant, terase, fructe de mare proaspete, plimb\u0103ri cu hidrobicicleta: toate le ve\u0163i descoperi \u201e\ud835\udc0b\ud835\udc1a \ud835\udc01\ud835\udc22\ud835\udc33\ud835\udc1e\ud835\udc2d\u201d!<\/p>\n<p style=\"text-align: justify;\">Este vorba despre cel mai nou restaurant din Giurgiu, aflat pe strada Voestalpine, nr. 2, la debarcaderul din zona podului Bizets.<\/p>\n<p style=\"text-align: justify;\">Restaurantul \u00ee\u015fi propune s\u0103 pre\u0163uiasc\u0103 m\u00e2ncarea bun\u0103&#8230; dar \u015fi clientul care \u00eei trece pragul! Este deschis zilnic de la ora 9:00 p\u00e2n\u0103 la miezul nop\u021bii.<\/p>\n<p style=\"text-align: justify;\">Cei care servesc masa aici, s\u00e2mb\u0103ta \u015fi duminica&#8230; vor primi GRATUIT o plimbare cu hidrobicicleta!<\/p>\n<p><a href=\"https:\/\/www.giurgiuveanul.ro\/stiri\/wp-content\/uploads\/2023\/08\/5-1-scaled.jpg\"><img loading=\"lazy\" decoding=\"async\" class=\"aligncenter wp-image-99302\" src=\"https:\/\/www.giurgiuveanul.ro\/stiri\/wp-content\/uploads\/2023\/08\/5-1-560x243.jpg\" alt=\"\" width=\"569\" height=\"247\" srcset=\"https:\/\/www.giurgiuveanul.ro\/stiri\/wp-content\/uploads\/2023\/08\/5-1-560x243.jpg 560w, https:\/\/www.giurgiuveanul.ro\/stiri\/wp-content\/uploads\/2023\/08\/5-1-250x108.jpg 250w, https:\/\/www.giurgiuveanul.ro\/stiri\/wp-content\/uploads\/2023\/08\/5-1-768x333.jpg 768w, https:\/\/www.giurgiuveanul.ro\/stiri\/wp-content\/uploads\/2023\/08\/5-1-1536x666.jpg 1536w, https:\/\/www.giurgiuveanul.ro\/stiri\/wp-content\/uploads\/2023\/08\/5-1-2048x889.jpg 2048w, https:\/\/www.giurgiuveanul.ro\/stiri\/wp-content\/uploads\/2023\/08\/5-1-400x174.jpg 400w\" sizes=\"auto, (max-width: 569px) 100vw, 569px\" \/><\/a><\/p>\n<p style=\"text-align: justify;\">Tot aici a fost instalat\u0103 \u015fi o sta\u0163ie de \u00eenc\u0103rcare vehicule electrice.<\/p>\n<p style=\"text-align: justify;\">Mai multe DETALII aici <a href=\"https:\/\/www.facebook.com\/profile.php?id=100092361046382\">https:\/\/www.facebook.com\/profile.php?id=100092361046382<\/a>.<\/p>\n","protected":false},"excerpt":{"rendered":"<p>Giurgiuvenii, \u015fi nu numai, sunt invita\u0163i ast\u0103zi, 4 august a.c., dup\u0103-amiaza, seara \u015fi noaptea &#8211; \u00een<\/p>\n","protected":false},"author":2,"featured_media":0,"comment_status":"open","ping_status":"open","sticky":false,"template":"","format":"standard","meta":{"footnotes":""},"categories":[6],"tags":[],"class_list":["post-99295","post","type-post","status-publish","format-standard","hentry","category-breaking-news"],"_links":{"self":[{"href":"https:\/\/www.giurgiuveanul.ro\/stiri\/wp-json\/wp\/v2\/posts\/99295","targetHints":{"allow":["GET"]}}],"collection":[{"href":"https:\/\/www.giurgiuveanul.ro\/stiri\/wp-json\/wp\/v2\/posts"}],"about":[{"href":"https:\/\/www.giurgiuveanul.ro\/stiri\/wp-json\/wp\/v2\/types\/post"}],"author":[{"embeddable":true,"href":"https:\/\/www.giurgiuveanul.ro\/stiri\/wp-json\/wp\/v2\/users\/2"}],"replies":[{"embeddable":true,"href":"https:\/\/www.giurgiuveanul.ro\/stiri\/wp-json\/wp\/v2\/comments?post=99295"}],"version-history":[{"count":0,"href":"https:\/\/www.giurgiuveanul.ro\/stiri\/wp-json\/wp\/v2\/posts\/99295\/revisions"}],"wp:attachment":[{"href":"https:\/\/www.giurgiuveanul.ro\/stiri\/wp-json\/wp\/v2\/media?parent=99295"}],"wp:term":[{"taxonomy":"category","embeddable":true,"href":"https:\/\/www.giurgiuveanul.ro\/stiri\/wp-json\/wp\/v2\/categories?post=99295"},{"taxonomy":"post_tag","embeddable":true,"href":"https:\/\/www.giurgiuveanul.ro\/stiri\/wp-json\/wp\/v2\/tags?post=99295"}],"curies":[{"name":"wp","href":"https:\/\/api.w.org\/{rel}","templated":true}]}}