{"id":99326,"date":"2023-08-05T18:21:22","date_gmt":"2023-08-05T15:21:22","guid":{"rendered":"https:\/\/www.giurgiuveanul.ro\/stiri\/?p=99326"},"modified":"2023-08-05T18:21:22","modified_gmt":"2023-08-05T15:21:22","slug":"giurgiuvean-retinut-pentru-savarsirea-mai-multor-infractiuni-la-regimul-rutier","status":"publish","type":"post","link":"https:\/\/www.giurgiuveanul.ro\/stiri\/giurgiuvean-retinut-pentru-savarsirea-mai-multor-infractiuni-la-regimul-rutier\/","title":{"rendered":"Giurgiuvean re\u021binut pentru s\u0103v\u00e2r\u0219irea mai multor infrac\u021biuni la regimul rutier"},"content":{"rendered":"<p style=\"text-align: justify;\"><a href=\"https:\/\/www.giurgiuveanul.ro\/stiri\/wp-content\/uploads\/2023\/05\/accident-masini-politie-ambulanta-girofar-768x479-1.jpg\"><img loading=\"lazy\" decoding=\"async\" class=\"aligncenter  wp-image-97986\" src=\"https:\/\/www.giurgiuveanul.ro\/stiri\/wp-content\/uploads\/2023\/05\/accident-masini-politie-ambulanta-girofar-768x479-1-560x349.jpg\" alt=\"\" width=\"571\" height=\"356\" srcset=\"https:\/\/www.giurgiuveanul.ro\/stiri\/wp-content\/uploads\/2023\/05\/accident-masini-politie-ambulanta-girofar-768x479-1-560x349.jpg 560w, https:\/\/www.giurgiuveanul.ro\/stiri\/wp-content\/uploads\/2023\/05\/accident-masini-politie-ambulanta-girofar-768x479-1-250x156.jpg 250w, https:\/\/www.giurgiuveanul.ro\/stiri\/wp-content\/uploads\/2023\/05\/accident-masini-politie-ambulanta-girofar-768x479-1-400x249.jpg 400w, https:\/\/www.giurgiuveanul.ro\/stiri\/wp-content\/uploads\/2023\/05\/accident-masini-politie-ambulanta-girofar-768x479-1.jpg 768w\" sizes=\"auto, (max-width: 571px) 100vw, 571px\" \/><\/a>La data de<!--more--> 3 august a.c., ora 23.36, pe D.J. 412, \u00een localitatea Coliba\u0219i, jude\u021bul Giurgiu, a avut loc un eveniment rutier, \u00een urma c\u0103ruia a rezultat r\u0103nirea a doi minori, de 14 \u0219i 15 ani, ambii din comuna Gostinari.<\/p>\n<p style=\"text-align: justify;\">\n<p style=\"text-align: justify;\">Din primele cercet\u0103ri, a reie\u0219it faptul c\u0103, un b\u0103rbat, de 33 de ani, din localitatea Varlaam, jude\u021bul Giurgiu, \u00een timp ce conducea un autoturism, nu ar fi p\u0103strat distan\u021ba lateral\u0103 suficient\u0103 fa\u021b\u0103 de cei doi minori, care se deplasau pe biciclet\u0103, respectiv scuter, intr\u00e2nd \u00een coliziune cu ace\u0219tia, \u0219i, ulterior, ar fi p\u0103r\u0103sit locul producerii accidentului, f\u0103r\u0103 \u00eencuviin\u021barea poli\u021bi\u0219tilor.<\/p>\n<p style=\"text-align: justify;\">\n<p style=\"text-align: justify;\">Minorii au fost transporta\u021bi la o unitate spitaliceasc\u0103 din municipiul Bucure\u0219ti, pentru acordarea de \u00eengrijiri medicale.<\/p>\n<p style=\"text-align: justify;\">\n<p style=\"text-align: justify;\">La scurt timp dup\u0103 producerea evenimentului rutier, conduc\u0103torul auto a fost depistat de c\u0103tre poli\u021bi\u0219ti, \u00eentre localit\u0103\u021bile C\u00e2mpurelu \u0219i Dobreni.<\/p>\n<p style=\"text-align: justify;\">\n<p style=\"text-align: justify;\">Acesta a refuzat at\u00e2t testarea cu aparatul etilotest, c\u00e2t \u0219i transportul la o unitate spitaliceasc\u0103, pentru recoltarea probelor biologice de s\u00e2nge, \u00een vederea stabilirii alcoolemiei.<\/p>\n<p style=\"text-align: justify;\">\n<p style=\"text-align: justify;\">De asemenea, \u00een urma verific\u0103rilor efectuate \u00een baza de date, a reie\u0219it faptul c\u0103 b\u0103rbatul \u00een cauz\u0103 figureaza cu dreptul de a conduce suspendat din luna februarie 2021.<\/p>\n<p style=\"text-align: justify;\">\n<p style=\"text-align: justify;\">La data de 4 august a.c., pe baza probatoriului administrat sub coordonarea procurorului din cadrul Parchetului de pe l\u00e2ng\u0103 Judec\u0103toria Giurgiu, b\u0103rbatul b\u0103nuit de s\u0103v\u00e2r\u0219irea infrac\u021biunilor de <em>v\u0103t\u0103mare corporal\u0103 din culp\u0103, p\u0103r\u0103sirea locului accidentului f\u0103r\u0103 \u00eencuviin\u021barea organelor de poli\u021bie, conducerea unui vehicul de c\u0103tre o persoan\u0103 av\u00e2nd dreptul de a conduce suspendat \u0219i refuzul conduc\u0103torului unui vehicul de a se supune prelev\u0103rii de probe biologice de s\u00e2nge \u00een vederea stabilirii alcoolemiei<\/em>, a fost re\u021binut, pentru 24 de ore.<\/p>\n<p style=\"text-align: justify;\">\n<p style=\"text-align: justify;\">Ast\u0103zi, 5 august a.c., acesta va fi prezentat instan\u021bei de judecat\u0103, cu propuneri procedurale.<\/p>\n","protected":false},"excerpt":{"rendered":"<p>La data de<\/p>\n","protected":false},"author":2,"featured_media":0,"comment_status":"open","ping_status":"open","sticky":false,"template":"","format":"standard","meta":{"footnotes":""},"categories":[6],"tags":[],"class_list":["post-99326","post","type-post","status-publish","format-standard","hentry","category-breaking-news"],"_links":{"self":[{"href":"https:\/\/www.giurgiuveanul.ro\/stiri\/wp-json\/wp\/v2\/posts\/99326","targetHints":{"allow":["GET"]}}],"collection":[{"href":"https:\/\/www.giurgiuveanul.ro\/stiri\/wp-json\/wp\/v2\/posts"}],"about":[{"href":"https:\/\/www.giurgiuveanul.ro\/stiri\/wp-json\/wp\/v2\/types\/post"}],"author":[{"embeddable":true,"href":"https:\/\/www.giurgiuveanul.ro\/stiri\/wp-json\/wp\/v2\/users\/2"}],"replies":[{"embeddable":true,"href":"https:\/\/www.giurgiuveanul.ro\/stiri\/wp-json\/wp\/v2\/comments?post=99326"}],"version-history":[{"count":0,"href":"https:\/\/www.giurgiuveanul.ro\/stiri\/wp-json\/wp\/v2\/posts\/99326\/revisions"}],"wp:attachment":[{"href":"https:\/\/www.giurgiuveanul.ro\/stiri\/wp-json\/wp\/v2\/media?parent=99326"}],"wp:term":[{"taxonomy":"category","embeddable":true,"href":"https:\/\/www.giurgiuveanul.ro\/stiri\/wp-json\/wp\/v2\/categories?post=99326"},{"taxonomy":"post_tag","embeddable":true,"href":"https:\/\/www.giurgiuveanul.ro\/stiri\/wp-json\/wp\/v2\/tags?post=99326"}],"curies":[{"name":"wp","href":"https:\/\/api.w.org\/{rel}","templated":true}]}}