{"id":99329,"date":"2023-08-06T13:32:14","date_gmt":"2023-08-06T10:32:14","guid":{"rendered":"https:\/\/www.giurgiuveanul.ro\/stiri\/?p=99329"},"modified":"2023-08-06T14:01:53","modified_gmt":"2023-08-06T11:01:53","slug":"patru-dosare-penale-pentru-infractiuni-rutiere-in-doar-cateva-ore","status":"publish","type":"post","link":"https:\/\/www.giurgiuveanul.ro\/stiri\/patru-dosare-penale-pentru-infractiuni-rutiere-in-doar-cateva-ore\/","title":{"rendered":"Patru dosare penale pentru infrac\u021biuni rutiere, \u00een doar c\u00e2teva ore"},"content":{"rendered":"<p><strong><a href=\"https:\/\/www.giurgiuveanul.ro\/stiri\/wp-content\/uploads\/2023\/08\/FOTO4.jpg\"><img loading=\"lazy\" decoding=\"async\" class=\"aligncenter wp-image-99330\" src=\"https:\/\/www.giurgiuveanul.ro\/stiri\/wp-content\/uploads\/2023\/08\/FOTO4-560x392.jpg\" alt=\"\" width=\"571\" height=\"400\" srcset=\"https:\/\/www.giurgiuveanul.ro\/stiri\/wp-content\/uploads\/2023\/08\/FOTO4-560x392.jpg 560w, https:\/\/www.giurgiuveanul.ro\/stiri\/wp-content\/uploads\/2023\/08\/FOTO4-250x175.jpg 250w, https:\/\/www.giurgiuveanul.ro\/stiri\/wp-content\/uploads\/2023\/08\/FOTO4-768x538.jpg 768w, https:\/\/www.giurgiuveanul.ro\/stiri\/wp-content\/uploads\/2023\/08\/FOTO4-400x280.jpg 400w, https:\/\/www.giurgiuveanul.ro\/stiri\/wp-content\/uploads\/2023\/08\/FOTO4.jpg 1101w\" sizes=\"auto, (max-width: 571px) 100vw, 571px\" \/><\/a>Poli\u021bi\u0219tii giurgiuveni au \u00eentocmit<!--more--> dosare penale pentru infrac\u021biuni rutiere.<\/strong><\/p>\n<p><strong>\u00a0<\/strong><\/p>\n<p>La data de 5 august a.c., ora 20.15, poli\u021bi\u0219tii Serviciului Rutier, \u00een timp ce se aflau \u00een exercitarea atribu\u021biilor de serviciu, \u00een localitatea C\u00eempurelu, jude\u021bul Giurgiu au oprit pentru control un motociclu, condus de c\u0103tre un b\u0103rbat, de 35 de ani, din comuna Coliba\u0219i.<\/p>\n<p>&nbsp;<\/p>\n<p>\u00cen urma verific\u0103rilor efectuate \u00een baza de date, s-a constatat faptul c\u0103 acesta nu posed\u0103 permis de conducere pentru nicio categorie de vehicule.<\/p>\n<p>&nbsp;<\/p>\n<p>\u00cen cauz\u0103, a fost \u00eentocmit dosar penal sub aspectul s\u0103v\u00e2r\u0219irii infrac\u0163iunii de conducerea unui vehicul f\u0103r\u0103 a poseda permis de conducere<strong>.<\/strong><\/p>\n<p><strong>\u00a0<\/strong><\/p>\n<p><strong>CONDUCERE SUB INFLUEN\u021aA B\u0102UTURILOR ALCOOLICE<\/strong><\/p>\n<p><strong>\u00a0<\/strong><\/p>\n<p>La data de 5 august a.c., ora 23.05, pe strada Gemarului, \u00een localitatea Mihai Bravu, Giurgiu, poli\u021bi\u0219tii giurgiuveni au depistat un b\u0103rbat, de 39 de ani, din aceea\u0219i localitate, \u00een timp ce conducea un autoturism, afl\u00e2ndu-se sub influen\u021ba b\u0103uturilor alcoolice.<\/p>\n<p>&nbsp;<\/p>\n<p>Conduc\u0103torul auto a fost testat cu aparatul drager, care a indicat valoarea de 0,51 mg\/l alcool pur \u00een aerul expirat, fiind condus la spital, pentru recoltarea probelor biologice de s\u00e2nge, \u00een vederea stabilirii alcoolemiei.<\/p>\n<p>&nbsp;<\/p>\n<p>\u00cen cauz\u0103, a fost \u00eentocmit un dosar penal sub aspectul s\u0103v\u00e2r\u0219irii infrac\u021biunii de conducerea unui vehicul sub influen\u021ba b\u0103uturilor alcoolice sau a altor substan\u021be.<\/p>\n<p>&nbsp;<\/p>\n<p><strong>CERCETA\u021aI PENTRU S\u0102V\u00c2R\u0218IREA UNOR INFRAC\u021aIUNI RUTIERE<\/strong><\/p>\n<p>&nbsp;<\/p>\n<p>La data de 5 august a.c., ora 23.47, \u00een localitatea M\u00eer\u0219a, jude\u021bul \u00a0Giurgiu, poli\u021bi\u0219tii Sec\u021biei nr.8 Poli\u021bie Rural\u0103 Giurgiu au depistat un b\u0103rbat, de 30 de ani, din aceea\u0219i localitate, \u00een timp ce conducea o autoutilitar\u0103, afl\u00e2ndu-se sub influen\u021ba b\u0103uturilor alcoolice.<\/p>\n<p>&nbsp;<\/p>\n<p>Conduc\u0103torul auto a fost testat cu aparatul drager, care a indicat valoarea de 0,57 mg\/l alcool pur \u00een aerul expirat, fiind condus la spital, pentru recoltarea probelor biologice de s\u00e2nge, \u00een vederea stabilirii alcoolemiei.<\/p>\n<p>&nbsp;<\/p>\n<p>De asemenea, din verific\u0103rile efectuate \u00een baza de date, a reie\u0219it faptul c\u0103 b\u0103rbatul \u00een cauz\u0103 nu de\u021bine permis de conducere corespunz\u0103tor categoriei din care face parte vehiculul condus, acesta fiindu-i \u00eencredin\u021bat de c\u0103tre un b\u0103rbat, de 49 de ani, din aceea\u0219i localitate.<\/p>\n<p>&nbsp;<\/p>\n<p>\u00cen cauz\u0103, a fost \u00eentocmit un dosar penal sub aspectul s\u0103v\u00e2r\u0219irii infrac\u021biunilor de conducerea unui vehicul sub influen\u021ba b\u0103uturilor alcoolice sau a altor substan\u021be, conducerea unui vehicul de c\u0103tre o persoan\u0103 al c\u0103rui permis de conducere este necorespunz\u0103tor categoriei \u0219i \u00eencredin\u021barea unui vehicul pentru care legea prevede obligativitatea de\u021binerii permisului de conducere.<\/p>\n<p><strong>\u00a0<\/strong><\/p>\n<p><strong>\u00a0<\/strong><\/p>\n<p><strong>UN ALT B\u0102RBAT DEPISTAT LA VOLAN SUB INFLUEN\u021aA ALCOOLULUI<\/strong><\/p>\n<p><strong>\u00a0<\/strong><\/p>\n<p>La data de 6 august a.c., ora 02.30, pe D.J.412, \u00een localitatea Coliba\u0219i, jude\u021bul Giurgiu, poli\u021bi\u0219tii giurgiuveni au depistat un b\u0103rbat, de 36 de ani, din aceea\u0219i localitate, \u00een timp ce conducea un autoturism, afl\u00e2ndu-se sub influen\u021ba b\u0103uturilor alcoolice.<\/p>\n<p>&nbsp;<\/p>\n<p>Conduc\u0103torul auto a fost testat cu aparatul drager, care a indicat valoarea de 0,89 mg\/l alcool pur \u00een aerul expirat, fiind condus la spital, pentru recoltarea probelor biologice de s\u00e2nge, \u00een vederea stabilirii alcoolemiei.<\/p>\n<p>&nbsp;<\/p>\n<p>\u00cen cauz\u0103, a fost \u00eentocmit un dosar penal sub aspectul s\u0103v\u00e2r\u0219irii infrac\u021biunii de conducerea unui vehicul sub influen\u021ba b\u0103uturilor alcoolice sau a altor substan\u021be.<\/p>\n<p>&nbsp;<\/p>\n","protected":false},"excerpt":{"rendered":"<p>Poli\u021bi\u0219tii giurgiuveni au \u00eentocmit<\/p>\n","protected":false},"author":2,"featured_media":0,"comment_status":"open","ping_status":"open","sticky":false,"template":"","format":"standard","meta":{"footnotes":""},"categories":[6],"tags":[],"class_list":["post-99329","post","type-post","status-publish","format-standard","hentry","category-breaking-news"],"_links":{"self":[{"href":"https:\/\/www.giurgiuveanul.ro\/stiri\/wp-json\/wp\/v2\/posts\/99329","targetHints":{"allow":["GET"]}}],"collection":[{"href":"https:\/\/www.giurgiuveanul.ro\/stiri\/wp-json\/wp\/v2\/posts"}],"about":[{"href":"https:\/\/www.giurgiuveanul.ro\/stiri\/wp-json\/wp\/v2\/types\/post"}],"author":[{"embeddable":true,"href":"https:\/\/www.giurgiuveanul.ro\/stiri\/wp-json\/wp\/v2\/users\/2"}],"replies":[{"embeddable":true,"href":"https:\/\/www.giurgiuveanul.ro\/stiri\/wp-json\/wp\/v2\/comments?post=99329"}],"version-history":[{"count":0,"href":"https:\/\/www.giurgiuveanul.ro\/stiri\/wp-json\/wp\/v2\/posts\/99329\/revisions"}],"wp:attachment":[{"href":"https:\/\/www.giurgiuveanul.ro\/stiri\/wp-json\/wp\/v2\/media?parent=99329"}],"wp:term":[{"taxonomy":"category","embeddable":true,"href":"https:\/\/www.giurgiuveanul.ro\/stiri\/wp-json\/wp\/v2\/categories?post=99329"},{"taxonomy":"post_tag","embeddable":true,"href":"https:\/\/www.giurgiuveanul.ro\/stiri\/wp-json\/wp\/v2\/tags?post=99329"}],"curies":[{"name":"wp","href":"https:\/\/api.w.org\/{rel}","templated":true}]}}