{"id":99333,"date":"2023-08-06T17:12:49","date_gmt":"2023-08-06T14:12:49","guid":{"rendered":"https:\/\/www.giurgiuveanul.ro\/stiri\/?p=99333"},"modified":"2023-08-06T17:12:49","modified_gmt":"2023-08-06T14:12:49","slug":"452-de-copii-si-98-parinti-din-judetul-giurgiu-au-participat-la-start-in-educatie","status":"publish","type":"post","link":"https:\/\/www.giurgiuveanul.ro\/stiri\/452-de-copii-si-98-parinti-din-judetul-giurgiu-au-participat-la-start-in-educatie\/","title":{"rendered":"452 de copii \u0219i 98 p\u0103rin\u021bi din jude\u021bul Giurgiu au participat la \u201cStart \u00een educa\u021bie\u201d"},"content":{"rendered":"<p style=\"text-align: justify;\"><strong><a href=\"https:\/\/www.giurgiuveanul.ro\/stiri\/wp-content\/uploads\/2023\/08\/thumbnail.png\"><img loading=\"lazy\" decoding=\"async\" class=\"aligncenter  wp-image-99334\" src=\"https:\/\/www.giurgiuveanul.ro\/stiri\/wp-content\/uploads\/2023\/08\/thumbnail-560x315.png\" alt=\"\" width=\"574\" height=\"323\" srcset=\"https:\/\/www.giurgiuveanul.ro\/stiri\/wp-content\/uploads\/2023\/08\/thumbnail-560x315.png 560w, https:\/\/www.giurgiuveanul.ro\/stiri\/wp-content\/uploads\/2023\/08\/thumbnail-250x141.png 250w, https:\/\/www.giurgiuveanul.ro\/stiri\/wp-content\/uploads\/2023\/08\/thumbnail-768x432.png 768w, https:\/\/www.giurgiuveanul.ro\/stiri\/wp-content\/uploads\/2023\/08\/thumbnail-400x225.png 400w, https:\/\/www.giurgiuveanul.ro\/stiri\/wp-content\/uploads\/2023\/08\/thumbnail.png 1280w\" sizes=\"auto, (max-width: 574px) 100vw, 574px\" \/><\/a>452 de copii <\/strong>cu v\u00e2rste \u00eentre<!--more--> 3-6 ani \u0219i <strong>98 p\u0103rin\u021bi<\/strong> din <strong>3 comunit\u0103\u021bi defavorizate<\/strong> din <strong>jude\u021bul Giurgiu<\/strong> sunt beneficiari ai programului <strong>\u201dStart \u00een educa\u021bie\u201d<\/strong> \u2013 cel mai amplu proiect de educa\u021bie timpurie din Rom\u00e2nia, derulat de <a href=\"https:\/\/worldvision.ro\/\"><strong>Funda\u0163ia World Vision Rom\u00e2nia<\/strong><\/a> \u015fi <a href=\"https:\/\/fundatiaomvpetrom.ro\/\"><strong>Funda\u0163ia OMV Petrom<\/strong><\/a>. \u00cen timpul ac\u021biunilor desf\u0103\u0219urate, at\u00e2t copiii c\u00e2t \u0219i p\u0103rin\u021bii lor s-au bucurat de suportul necesar pentru a facilita accesul la educa\u021bie \u00een r\u00e2ndul pre\u0219colarilor.<\/p>\n<p style=\"text-align: justify;\">Copiii au primit c\u00e2te un \u201e<em>Ghiozd\u0103nel cu viitor<\/em>\u201d &#8211; un pachet cu resurse educa\u021bionale potrivite nevoilor lor de dezvoltare: rechizite, carte \u0219i caiet de lucru, materiale educative STEAM (\u0218tiin\u021b\u0103, Tehnologie, Inginerie, Art\u0103 \u0219i Matematic\u0103), jocuri pentru dezvoltarea motricit\u0103\u021bii \u0219i produse de igien\u0103 personal\u0103. \u201c<em>Ghiozd\u0103nel cu viitor<\/em>\u201d \u00eei va ajuta pe copii s\u0103 \u00eenve\u021be, s\u0103-\u0219i exprime talentele \u0219i s\u0103 \u00een\u021beleag\u0103 lumea, pentru a fi mai bine preg\u0103ti\u021bi de intrarea la \u0219coal\u0103.<\/p>\n<p style=\"text-align: justify;\">\u201d<em>Proiectul &lt;&lt;Start \u00een educa\u021bie&gt;&gt; a fost un adev\u0103rat sprijin pentru unitatea noastr\u0103 \u0219colar\u0103. Cu aceast\u0103 ocazie p\u0103rin\u021bii s-au apropiat mai mult de copiii lor \u0219i de gr\u0103dini\u021b\u0103. Mul\u021bumim pentru ocazia de a participa la acest proiect \u0219i sper\u0103m la mai multe astfel de colabor\u0103ri.\u201d<\/em> &#8211; <strong>Baro\u0219i Ionica,\u00a0 Directoare Gr\u0103dini\u021ba 9 Giurgiuvean<\/strong><\/p>\n<p style=\"text-align: justify;\">La r\u00e2ndul lor, p\u0103rin\u021bii au participat la \u201d<strong>\u0218coala p\u0103rin\u021bilor \u2013 ateliere de educa\u021bie parental\u0103<\/strong>\u201d, unde au primit informa\u021bii \u0219i \u00eendrum\u0103ri valoroase menite s\u0103 le ofere suport \u0219i s\u0103 \u00eei inve\u021be cum s\u0103 \u00ee\u0219i sus\u021bin\u0103 copiii \u00een aceast\u0103 etap\u0103 de dezvoltare. \u00cencep\u00e2nd cu luna august 2023, p\u0103rin\u021bii vor putea g\u0103si mai multe sfaturi \u0219i idei de activit\u0103\u0163i, privind utilizarea resurselor din \u201c<em>Ghiozd\u0103nel cu viitor\u201d<\/em> \u00eempreun\u0103 cu copiii lor, pe canalul dedicat <a href=\"https:\/\/youtube.com\/playlist?list=PLQxRCPcTPKmPONupf_2j1RMwBi8PybaLX\">Youtube Start \u00een Educa\u021bie<\/a>.<\/p>\n<p style=\"text-align: justify;\"><em>\u201d<\/em><em>Proiectul care s-a derulat la gr\u0103dini\u021ba noastr\u0103 a fost pentru feti\u021be mea un lucru extraordinar. Materialele primite au \u00eenc\u00e2nt-o \u0219i le folose\u0219te cu pl\u0103cere \u0219i grij\u0103. \u00a0\u0218i pentru mine ca p\u0103rinte a fost foarte util. Am \u00eenv\u0103\u021bat c\u00e2t e de important s\u0103 petrec c\u00e2t mai mult timp cu ea, s\u0103 ne juc\u0103m \u00eempreun\u0103, s\u0103 invent\u0103m jocuri, activit\u0103\u021bi recreative, s\u0103 confec\u021bion\u0103m materiale necesare jocurilor ei. Mul\u021bumesc celor ce au avut ini\u021biativa acestui proiect!\u201d \u2013 <\/em><strong>a declarat una dintre m\u0103mici<\/strong><\/p>\n<p style=\"text-align: justify;\">\u201d<a href=\"https:\/\/worldvision.ro\/implica-te\/campanii\/start-in-educatie\/\">Start \u00een educa\u021bie<\/a>\u201d vine \u00een sprijinul a 60.000 copii cu v\u00e2rste \u00eentre 3-6 ani \u0219i 10.000 de p\u0103rin\u021bi, selecta\u021bi din 500 de comunit\u0103\u021bi defavorizate din toat\u0103 \u021bara. Prin ac\u021biunile implementate, \u201dStart \u00een educa\u021bie\u201d are ca principal obiectiv s\u0103 dezvolte la nivel na\u021bional un parteneriat solid \u00eentre profesori, speciali\u0219ti, p\u0103rin\u021bi, autorit\u0103\u021bi cu scopul de a sus\u021bine <a href=\"https:\/\/fundatiaomvpetrom.ro\/proiect\/studiul-ldquo-educatia-timpurie-in-romania-rdquo-6\">importan\u021ba strategic\u0103 a educa\u021biei timpurii<\/a> privind dezvoltarea s\u0103n\u0103toas\u0103 \u0219i armonioas\u0103 a copiilor. \u00cen aceast\u0103 etap\u0103 de dezvoltare, \u00een care se pun bazele pentru viitorul copiilor, un rol crucial \u00eel au p\u0103rin\u021bii, care \u00een cadrul proiectului sunt sprijini\u021bi s\u0103 devin\u0103 primii educatori ai copiilor lor, cei care dau startul experien\u021belor de \u00eenv\u0103\u021bare timpurie de acas\u0103, urm\u00e2nd ca apoi la gr\u0103dini\u021b\u0103 s\u0103 devin\u0103 un partener educa\u021bional de n\u0103dejde.<\/p>\n<p style=\"text-align: justify;\"><em>_______________________________________________<\/em><\/p>\n<p style=\"text-align: justify;\"><strong><em>Despre World Vision Rom\u00e2nia<\/em><\/strong><\/p>\n<p style=\"text-align: justify;\"><em>World Vision Rom\u00e2nia este o organiza\u021bie care desf\u0103\u0219oar\u0103 programe de educa\u0163ie, interven\u021bie umanitar\u0103 de urgen\u021b\u0103, dezvoltare \u0219i advocacy, pun\u00e2nd \u00een centrul activit\u0103\u021bii sale bun\u0103starea copilului. Organiza\u021bia se concentreaz\u0103 asupra muncii cu copiii, familiile \u0219i comunit\u0103\u021bile, \u00een scopul dep\u0103\u0219irii s\u0103r\u0103ciei \u0219i nedrept\u0103\u021bii. Funda\u021bia lucreaz\u0103 cu persoanele cele mai vulnerabile din lume, indiferent de religie, ras\u0103, etnie sau gen.World Vision Rom\u00e2nia face parte din parteneriatul World Vision International, prezent \u00een aproape 100 de \u021b\u0103ri din \u00eentreaga lume. \u00cen 32 de ani de prezen\u021b\u0103 \u00een Rom\u00e2nia, am ajutat peste 500.000 de copii \u0219i adul\u021bi, \u00een aproape 500 de comunit\u0103\u021bi din 18 jude\u021be.<\/em><\/p>\n<p style=\"text-align: justify;\"><em>\u00a0<\/em><\/p>\n<p style=\"text-align: justify;\"><strong><em>Despre Funda\u0163ia OMV Petrom<\/em><\/strong><\/p>\n<p style=\"text-align: justify;\"><em>Lansat\u0103 \u00een anul 2022, Funda\u021bia OMV Petrom construie\u0219te programe \u0219i sus\u021bine investi\u021bii pe termen lung \u00een Rom\u00e2nia pentru comunit\u0103\u021bi dezavantajate, \u00een trei domenii cheie: educa\u021bie, mediu \u0219i s\u0103n\u0103tate. Mai multe detalii despre activitatea Funda\u0163iei OMV Petrom pute\u021bi g\u0103si pe <\/em><a href=\"https:\/\/fundatiaomvpetrom.ro\/programe\/\"><em>www.fundatiaomvpetrom.ro<\/em><\/a><em>. <\/em><em>\u00a0\u00a0\u00a0\u00a0\u00a0\u00a0\u00a0\u00a0\u00a0 <\/em><\/p>\n<p style=\"text-align: justify;\"><em>\u00a0<\/em><\/p>\n<p style=\"text-align: justify;\"><strong><em>Lista comunit\u0103\u0163i din jude\u021bul Giurgiu participante la programul \u201cStart \u00een educa\u021bie\u201d:<\/em><\/strong><\/p>\n<ol>\n<li style=\"text-align: justify;\">Giurgiu<\/li>\n<li style=\"text-align: justify;\">G\u0103ujani<\/li>\n<li style=\"text-align: justify;\">Fr\u0103te\u0219ti<\/li>\n<\/ol>\n","protected":false},"excerpt":{"rendered":"<p>452 de copii cu v\u00e2rste \u00eentre<\/p>\n","protected":false},"author":2,"featured_media":0,"comment_status":"open","ping_status":"open","sticky":false,"template":"","format":"standard","meta":{"footnotes":""},"categories":[6],"tags":[],"class_list":["post-99333","post","type-post","status-publish","format-standard","hentry","category-breaking-news"],"_links":{"self":[{"href":"https:\/\/www.giurgiuveanul.ro\/stiri\/wp-json\/wp\/v2\/posts\/99333","targetHints":{"allow":["GET"]}}],"collection":[{"href":"https:\/\/www.giurgiuveanul.ro\/stiri\/wp-json\/wp\/v2\/posts"}],"about":[{"href":"https:\/\/www.giurgiuveanul.ro\/stiri\/wp-json\/wp\/v2\/types\/post"}],"author":[{"embeddable":true,"href":"https:\/\/www.giurgiuveanul.ro\/stiri\/wp-json\/wp\/v2\/users\/2"}],"replies":[{"embeddable":true,"href":"https:\/\/www.giurgiuveanul.ro\/stiri\/wp-json\/wp\/v2\/comments?post=99333"}],"version-history":[{"count":0,"href":"https:\/\/www.giurgiuveanul.ro\/stiri\/wp-json\/wp\/v2\/posts\/99333\/revisions"}],"wp:attachment":[{"href":"https:\/\/www.giurgiuveanul.ro\/stiri\/wp-json\/wp\/v2\/media?parent=99333"}],"wp:term":[{"taxonomy":"category","embeddable":true,"href":"https:\/\/www.giurgiuveanul.ro\/stiri\/wp-json\/wp\/v2\/categories?post=99333"},{"taxonomy":"post_tag","embeddable":true,"href":"https:\/\/www.giurgiuveanul.ro\/stiri\/wp-json\/wp\/v2\/tags?post=99333"}],"curies":[{"name":"wp","href":"https:\/\/api.w.org\/{rel}","templated":true}]}}