{"id":99382,"date":"2023-08-09T09:50:57","date_gmt":"2023-08-09T06:50:57","guid":{"rendered":"https:\/\/www.giurgiuveanul.ro\/stiri\/?p=99382"},"modified":"2023-08-09T09:50:57","modified_gmt":"2023-08-09T06:50:57","slug":"la-volan-fara-permis-de-conducere","status":"publish","type":"post","link":"https:\/\/www.giurgiuveanul.ro\/stiri\/la-volan-fara-permis-de-conducere\/","title":{"rendered":"La volan&#8230; f\u0103r\u0103 permis de conducere"},"content":{"rendered":"<p style=\"text-align: justify;\"><a href=\"https:\/\/www.giurgiuveanul.ro\/stiri\/wp-content\/uploads\/2023\/06\/control-rutier-1.jpg\"><img loading=\"lazy\" decoding=\"async\" class=\"aligncenter  wp-image-98390\" src=\"https:\/\/www.giurgiuveanul.ro\/stiri\/wp-content\/uploads\/2023\/06\/control-rutier-1-557x450.jpg\" alt=\"\" width=\"579\" height=\"468\" srcset=\"https:\/\/www.giurgiuveanul.ro\/stiri\/wp-content\/uploads\/2023\/06\/control-rutier-1-557x450.jpg 557w, https:\/\/www.giurgiuveanul.ro\/stiri\/wp-content\/uploads\/2023\/06\/control-rutier-1-250x202.jpg 250w, https:\/\/www.giurgiuveanul.ro\/stiri\/wp-content\/uploads\/2023\/06\/control-rutier-1-768x621.jpg 768w, https:\/\/www.giurgiuveanul.ro\/stiri\/wp-content\/uploads\/2023\/06\/control-rutier-1-400x323.jpg 400w, https:\/\/www.giurgiuveanul.ro\/stiri\/wp-content\/uploads\/2023\/06\/control-rutier-1.jpg 819w\" sizes=\"auto, (max-width: 579px) 100vw, 579px\" \/><\/a>La data de<!--more--> 8 august a.c., ora 20.00, pe D.N.61, \u00een localitatea Clejani, a fost depistat un b\u0103rbat, de 31 de ani, din comuna Letca Nou\u0103, \u00een timp ce conducea un autoturism, f\u0103r\u0103 a poseda permis de conducere pentru nicio categorie de vehicule.<\/p>\n<p style=\"text-align: justify;\">\n<p style=\"text-align: justify;\">\u00cen cauz\u0103, a fost \u00eentocmit dosar penal sub aspectul s\u0103v\u00e2r\u0219irii infrac\u021biunii de conducerea pe drumurile publice a unui vehicul f\u0103r\u0103 a poseda permis de conducere, precizeaz\u0103 IPJ Giurgiu.<\/p>\n","protected":false},"excerpt":{"rendered":"<p>La data de<\/p>\n","protected":false},"author":1,"featured_media":0,"comment_status":"open","ping_status":"open","sticky":false,"template":"","format":"standard","meta":{"footnotes":""},"categories":[6],"tags":[],"class_list":["post-99382","post","type-post","status-publish","format-standard","hentry","category-breaking-news"],"_links":{"self":[{"href":"https:\/\/www.giurgiuveanul.ro\/stiri\/wp-json\/wp\/v2\/posts\/99382","targetHints":{"allow":["GET"]}}],"collection":[{"href":"https:\/\/www.giurgiuveanul.ro\/stiri\/wp-json\/wp\/v2\/posts"}],"about":[{"href":"https:\/\/www.giurgiuveanul.ro\/stiri\/wp-json\/wp\/v2\/types\/post"}],"author":[{"embeddable":true,"href":"https:\/\/www.giurgiuveanul.ro\/stiri\/wp-json\/wp\/v2\/users\/1"}],"replies":[{"embeddable":true,"href":"https:\/\/www.giurgiuveanul.ro\/stiri\/wp-json\/wp\/v2\/comments?post=99382"}],"version-history":[{"count":0,"href":"https:\/\/www.giurgiuveanul.ro\/stiri\/wp-json\/wp\/v2\/posts\/99382\/revisions"}],"wp:attachment":[{"href":"https:\/\/www.giurgiuveanul.ro\/stiri\/wp-json\/wp\/v2\/media?parent=99382"}],"wp:term":[{"taxonomy":"category","embeddable":true,"href":"https:\/\/www.giurgiuveanul.ro\/stiri\/wp-json\/wp\/v2\/categories?post=99382"},{"taxonomy":"post_tag","embeddable":true,"href":"https:\/\/www.giurgiuveanul.ro\/stiri\/wp-json\/wp\/v2\/tags?post=99382"}],"curies":[{"name":"wp","href":"https:\/\/api.w.org\/{rel}","templated":true}]}}