{"id":99384,"date":"2023-08-09T16:09:40","date_gmt":"2023-08-09T13:09:40","guid":{"rendered":"https:\/\/www.giurgiuveanul.ro\/stiri\/?p=99384"},"modified":"2023-08-09T16:09:57","modified_gmt":"2023-08-09T13:09:57","slug":"isu-giurgiu-doua-incendii-in-ultimele-ore","status":"publish","type":"post","link":"https:\/\/www.giurgiuveanul.ro\/stiri\/isu-giurgiu-doua-incendii-in-ultimele-ore\/","title":{"rendered":"ISU Giurgiu. Dou\u0103 incendii, \u00een ultimele ore"},"content":{"rendered":"<p style=\"text-align: justify;\"><strong><a href=\"https:\/\/www.giurgiuveanul.ro\/stiri\/wp-content\/uploads\/2023\/08\/thumbnail-1.jpeg\"><img loading=\"lazy\" decoding=\"async\" class=\"aligncenter wp-image-99385\" src=\"https:\/\/www.giurgiuveanul.ro\/stiri\/wp-content\/uploads\/2023\/08\/thumbnail-1-560x420.jpeg\" alt=\"\" width=\"579\" height=\"434\" srcset=\"https:\/\/www.giurgiuveanul.ro\/stiri\/wp-content\/uploads\/2023\/08\/thumbnail-1-560x420.jpeg 560w, https:\/\/www.giurgiuveanul.ro\/stiri\/wp-content\/uploads\/2023\/08\/thumbnail-1-250x188.jpeg 250w, https:\/\/www.giurgiuveanul.ro\/stiri\/wp-content\/uploads\/2023\/08\/thumbnail-1-768x576.jpeg 768w, https:\/\/www.giurgiuveanul.ro\/stiri\/wp-content\/uploads\/2023\/08\/thumbnail-1-400x300.jpeg 400w, https:\/\/www.giurgiuveanul.ro\/stiri\/wp-content\/uploads\/2023\/08\/thumbnail-1.jpeg 1080w\" sizes=\"auto, (max-width: 579px) 100vw, 579px\" \/><\/a>Pompierii giurgiuveni au<!--more--> fost la datorie 24 de ore din 24 pentru interven\u021bia imediat\u0103 la solicit\u0103rile cet\u0103\u021benilor \u0219i gestionarea optim\u0103 a situa\u021biilor de urgen\u021b\u0103, produse la nivel local. \u00cen ultimele ore, ace\u0219tia au intervenit pentru stingerea a dou\u0103 incendii, \u00een urm\u0103toarele localit\u0103\u021bi:<\/strong><\/p>\n<ul style=\"text-align: justify;\">\n<li><strong>Crucea de Piatr\u0103 &#8211; <\/strong>a ars vegeta\u021bie uscat\u0103, pe o suprafa\u021b\u0103 de aproximativ 50 mp. Au ac\u021bionat pompierii din cadrul Punctului de Lucru C\u0103lug\u0103reni, cu o autospecial\u0103 de stingere;<\/li>\n<li><strong>Naipu &#8211; <\/strong>a ars miri\u0219te, pe o suprafa\u021b\u0103 de circa 20 ha. Au ac\u021bionat pompierii din cadrul Sta\u021biei Mih\u0103ile\u0219ti \u0219i Punctului de Lucru Dr\u0103g\u0103ne\u0219ti-Vla\u0219ca (ISU Teleorman), cu trei autospeciale de stingere, sprijini\u021bi de Serviciul Voluntar pentru Situa\u021bii Urgen\u021b\u0103 Ghimpa\u021bi, cu un tractor.<\/li>\n<\/ul>\n<p style=\"text-align: justify;\">Cauza probabil\u0103 de producere a incendiilor a fost focul deschis \u00een spa\u021bii deschise.<\/p>\n<p style=\"text-align: justify;\">Potrivit legisla\u021biei privind protec\u021bia mediului, arderea miri\u0219tilor, a turb\u0103riilor, a litierei p\u0103durii, a stufului, a tuf\u0103ri\u0219urilor sau a vegeta\u021biei ierboase este interzis\u0103. Astfel, cet\u0103\u021benii trebuie s\u0103 respecte prevederile Ordonan\u0163ei de Urgen\u0163\u0103 nr. 195 din 2005 privind protec\u0163ia mediului, cu modific\u0103rile \u015fi complet\u0103rile ulterioare. Conform acestui act normativ, proprietarii \u0219i de\u021bin\u0103torii de terenuri cu titlu sau f\u0103r\u0103 titlu au obliga\u021bia de a nu arde \u0219i de a preveni arderea miri\u0219tilor, turb\u0103riilor, litierelor p\u0103durii, stufului, tuf\u0103ri\u0219urilor sau vegeta\u021biei ierboase.<\/p>\n<p style=\"text-align: justify;\">Atragem aten\u021bia asupra faptului c\u0103 folosirea focului deschis pentru igienizarea terenurilor \u0219i arderea gunoaielor, a de\u0219eurilor \u0219i a altor materiale combustibile pot avea consecin\u021be grave, at\u00e2t asupra mediului \u00eenconjur\u0103tor \u0219i a solului, c\u00e2t \u0219i asupra propriet\u0103\u021bii sau chiar vie\u021bii oamenilor. \u00cen astfel de cazuri, fl\u0103c\u0103rile se pot \u00eentinde cu repeziciune pe o suprafa\u021b\u0103 mare, iar \u00een condi\u021bii de v\u00e2nt, incendiile de vegeta\u021bie uscat\u0103 sau de de\u0219euri menajere pot deveni \u0219i mai periculoase dac\u0103 se manifest\u0103 aproape de case, de re\u021bele de electricitate sau de locuri cu pericol de explozie.<\/p>\n<p style=\"text-align: justify;\">Informa\u021bii despre modul de comportare \u00een cazul producerii unor situa\u021bii de urgen\u021b\u0103 pot fi ob\u021binute prin accesarea platformei na\u021bionale de preg\u0103tire \u00een situa\u021bii de urgen\u021b\u0103 https:\/\/fiipregatit.ro.<\/p>\n<p style=\"text-align: justify;\">Compartimentul Informare \u0219i Rela\u021bii Publice<\/p>\n","protected":false},"excerpt":{"rendered":"<p>Pompierii giurgiuveni au<\/p>\n","protected":false},"author":1,"featured_media":0,"comment_status":"open","ping_status":"open","sticky":false,"template":"","format":"standard","meta":{"footnotes":""},"categories":[6],"tags":[],"class_list":["post-99384","post","type-post","status-publish","format-standard","hentry","category-breaking-news"],"_links":{"self":[{"href":"https:\/\/www.giurgiuveanul.ro\/stiri\/wp-json\/wp\/v2\/posts\/99384","targetHints":{"allow":["GET"]}}],"collection":[{"href":"https:\/\/www.giurgiuveanul.ro\/stiri\/wp-json\/wp\/v2\/posts"}],"about":[{"href":"https:\/\/www.giurgiuveanul.ro\/stiri\/wp-json\/wp\/v2\/types\/post"}],"author":[{"embeddable":true,"href":"https:\/\/www.giurgiuveanul.ro\/stiri\/wp-json\/wp\/v2\/users\/1"}],"replies":[{"embeddable":true,"href":"https:\/\/www.giurgiuveanul.ro\/stiri\/wp-json\/wp\/v2\/comments?post=99384"}],"version-history":[{"count":0,"href":"https:\/\/www.giurgiuveanul.ro\/stiri\/wp-json\/wp\/v2\/posts\/99384\/revisions"}],"wp:attachment":[{"href":"https:\/\/www.giurgiuveanul.ro\/stiri\/wp-json\/wp\/v2\/media?parent=99384"}],"wp:term":[{"taxonomy":"category","embeddable":true,"href":"https:\/\/www.giurgiuveanul.ro\/stiri\/wp-json\/wp\/v2\/categories?post=99384"},{"taxonomy":"post_tag","embeddable":true,"href":"https:\/\/www.giurgiuveanul.ro\/stiri\/wp-json\/wp\/v2\/tags?post=99384"}],"curies":[{"name":"wp","href":"https:\/\/api.w.org\/{rel}","templated":true}]}}