{"id":99398,"date":"2023-08-10T09:00:09","date_gmt":"2023-08-10T06:00:09","guid":{"rendered":"https:\/\/www.giurgiuveanul.ro\/stiri\/?p=99398"},"modified":"2023-08-10T09:01:52","modified_gmt":"2023-08-10T06:01:52","slug":"incendiu-la-manastirea-delta-neajlovului-interventia-rapida-a-pompierilor-militari-si-voluntari-a-facut-ca-flacarile-sa-nu-ajunga-si-la-lacasul-de-cult","status":"publish","type":"post","link":"https:\/\/www.giurgiuveanul.ro\/stiri\/incendiu-la-manastirea-delta-neajlovului-interventia-rapida-a-pompierilor-militari-si-voluntari-a-facut-ca-flacarile-sa-nu-ajunga-si-la-lacasul-de-cult\/","title":{"rendered":"Incendiu la M\u0103n\u0103stirea \u201eDelta Neajlovului\u201d. Interven\u021bia rapid\u0103 a pompierilor militari \u0219i voluntari a f\u0103cut ca fl\u0103c\u0103rile s\u0103 nu ajung\u0103 \u0219i la l\u0103ca\u0219ul de cult"},"content":{"rendered":"<p style=\"text-align: justify;\"><strong><a href=\"https:\/\/www.giurgiuveanul.ro\/stiri\/wp-content\/uploads\/2023\/08\/foc-la-man-neajlovului-0.jpeg\"><img loading=\"lazy\" decoding=\"async\" class=\"aligncenter wp-image-99400\" src=\"https:\/\/www.giurgiuveanul.ro\/stiri\/wp-content\/uploads\/2023\/08\/foc-la-man-neajlovului-0-560x351.jpeg\" alt=\"\" width=\"571\" height=\"358\" srcset=\"https:\/\/www.giurgiuveanul.ro\/stiri\/wp-content\/uploads\/2023\/08\/foc-la-man-neajlovului-0-560x351.jpeg 560w, https:\/\/www.giurgiuveanul.ro\/stiri\/wp-content\/uploads\/2023\/08\/foc-la-man-neajlovului-0-250x157.jpeg 250w, https:\/\/www.giurgiuveanul.ro\/stiri\/wp-content\/uploads\/2023\/08\/foc-la-man-neajlovului-0-768x481.jpeg 768w, https:\/\/www.giurgiuveanul.ro\/stiri\/wp-content\/uploads\/2023\/08\/foc-la-man-neajlovului-0-400x250.jpeg 400w, https:\/\/www.giurgiuveanul.ro\/stiri\/wp-content\/uploads\/2023\/08\/foc-la-man-neajlovului-0.jpeg 1150w\" sizes=\"auto, (max-width: 571px) 100vw, 571px\" \/><\/a>M\u0103n\u0103stirea \u201eDelta Neajlovului\u201d,<!--more--> din localitatea Budeni, a fost \u00een pericol, ieri dup\u0103-amiaz\u0103, din cauza unui incendiu. P\u0103rintele care a v\u0103zut fl\u0103c\u0103rile a sunat la 112 \u0219i a cerut ajutorul pompierilor.<\/strong><\/p>\n<p style=\"text-align: justify;\">C\u00e2nd au ajuns echipajele, ardeau acoperi\u0219ul chiliilor, aflate \u00een construc\u021bie, pe o suprafa\u021b\u0103 de aproximativ 1000 mp, materiale lemnoase \u0219i vegeta\u021bia uscat\u0103, pe circa 2.500 mp.<\/p>\n<p><a href=\"https:\/\/www.giurgiuveanul.ro\/stiri\/wp-content\/uploads\/2023\/08\/foc-la-man-neajlovului-3.jpeg\"><img loading=\"lazy\" decoding=\"async\" class=\"aligncenter  wp-image-99402\" src=\"https:\/\/www.giurgiuveanul.ro\/stiri\/wp-content\/uploads\/2023\/08\/foc-la-man-neajlovului-3-560x420.jpeg\" alt=\"\" width=\"571\" height=\"428\" srcset=\"https:\/\/www.giurgiuveanul.ro\/stiri\/wp-content\/uploads\/2023\/08\/foc-la-man-neajlovului-3-560x420.jpeg 560w, https:\/\/www.giurgiuveanul.ro\/stiri\/wp-content\/uploads\/2023\/08\/foc-la-man-neajlovului-3-250x188.jpeg 250w, https:\/\/www.giurgiuveanul.ro\/stiri\/wp-content\/uploads\/2023\/08\/foc-la-man-neajlovului-3-768x576.jpeg 768w, https:\/\/www.giurgiuveanul.ro\/stiri\/wp-content\/uploads\/2023\/08\/foc-la-man-neajlovului-3-1536x1152.jpeg 1536w, https:\/\/www.giurgiuveanul.ro\/stiri\/wp-content\/uploads\/2023\/08\/foc-la-man-neajlovului-3-400x300.jpeg 400w, https:\/\/www.giurgiuveanul.ro\/stiri\/wp-content\/uploads\/2023\/08\/foc-la-man-neajlovului-3.jpeg 2048w\" sizes=\"auto, (max-width: 571px) 100vw, 571px\" \/><\/a> <a href=\"https:\/\/www.giurgiuveanul.ro\/stiri\/wp-content\/uploads\/2023\/08\/foc-la-man-neajlovului.jpeg\"><img loading=\"lazy\" decoding=\"async\" class=\"aligncenter  wp-image-99403\" src=\"https:\/\/www.giurgiuveanul.ro\/stiri\/wp-content\/uploads\/2023\/08\/foc-la-man-neajlovului-560x420.jpeg\" alt=\"\" width=\"567\" height=\"425\" srcset=\"https:\/\/www.giurgiuveanul.ro\/stiri\/wp-content\/uploads\/2023\/08\/foc-la-man-neajlovului-560x420.jpeg 560w, https:\/\/www.giurgiuveanul.ro\/stiri\/wp-content\/uploads\/2023\/08\/foc-la-man-neajlovului-250x188.jpeg 250w, https:\/\/www.giurgiuveanul.ro\/stiri\/wp-content\/uploads\/2023\/08\/foc-la-man-neajlovului-768x576.jpeg 768w, https:\/\/www.giurgiuveanul.ro\/stiri\/wp-content\/uploads\/2023\/08\/foc-la-man-neajlovului-1536x1152.jpeg 1536w, https:\/\/www.giurgiuveanul.ro\/stiri\/wp-content\/uploads\/2023\/08\/foc-la-man-neajlovului-400x300.jpeg 400w, https:\/\/www.giurgiuveanul.ro\/stiri\/wp-content\/uploads\/2023\/08\/foc-la-man-neajlovului.jpeg 2048w\" sizes=\"auto, (max-width: 567px) 100vw, 567px\" \/><\/a><\/p>\n<p style=\"text-align: justify;\">Doar interven\u021bia rapid\u0103 a pompierilor militari \u0219i voluntari a f\u0103cut ca fl\u0103c\u0103rile s\u0103 nu ajung\u0103 \u0219i la l\u0103ca\u0219ul de cult. Pompierii au reu\u0219it s\u0103 protejeze de foc una dintre laturile construc\u021biei, dar \u0219i un autoturism parcat \u00een apropierea chiliilor.<\/p>\n<p style=\"text-align: justify;\">La caz au intervenit pompierii din cadrul Sta\u021biei Coliba\u0219i, Punctului de Lucru C\u0103lug\u0103reni \u0219i Deta\u0219amentului Giurgiu, cu trei autospeciale de stingere cu ap\u0103 \u0219i spum\u0103, o autospecial\u0103 pentru interven\u021bie \u0219i salvare de la \u00een\u0103l\u021bime \u0219i o cistern\u0103.<\/p>\n<p style=\"text-align: justify;\">\u00cen sprijin, a ac\u021bionat \u0219i Serviciul Voluntar pentru Situa\u021bii de Urgen\u021b\u0103 Comana, cu dou\u0103 cisterne \u0219i un utilaj pentru decopertarea anexei.<\/p>\n<p style=\"text-align: justify;\">Cel mai probabil, incendiul s-a produs din cauza unui foc \u00een aer liber, l\u0103sat nesupravegheat.<\/p>\n<p style=\"text-align: justify;\">Atragem aten\u021bia asupra faptului c\u0103 folosirea focului deschis pentru igienizarea terenurilor \u0219i arderea gunoaielor, a de\u0219eurilor \u0219i a altor materiale combustibile pot avea consecin\u021be grave. \u00cen astfel de cazuri, fl\u0103c\u0103rile se pot \u00eentinde cu repeziciune pe o suprafa\u021b\u0103 mare, iar \u00een condi\u021bii de v\u00e2nt, incendiile de vegeta\u021bie uscat\u0103 sau de de\u0219euri menajere pot deveni \u0219i mai periculoase dac\u0103 se manifest\u0103 aproape de case, de re\u021bele de electricitate, p\u0103duri sau de locuri \u00een care exist\u0103 pericol de explozie.<\/p>\n<p style=\"text-align: justify;\">Informa\u021bii despre modul de comportare \u00een cazul producerii unor situa\u021bii de urgen\u021b\u0103 pot fi ob\u021binute prin accesarea platformei na\u021bionale de preg\u0103tire \u00een situa\u021bii de urgen\u021b\u0103 <a href=\"https:\/\/fiipregatit.ro\">https:\/\/fiipregatit.ro<\/a>.<\/p>\n","protected":false},"excerpt":{"rendered":"<p>M\u0103n\u0103stirea \u201eDelta Neajlovului\u201d,<\/p>\n","protected":false},"author":1,"featured_media":0,"comment_status":"open","ping_status":"open","sticky":false,"template":"","format":"standard","meta":{"footnotes":""},"categories":[6],"tags":[],"class_list":["post-99398","post","type-post","status-publish","format-standard","hentry","category-breaking-news"],"_links":{"self":[{"href":"https:\/\/www.giurgiuveanul.ro\/stiri\/wp-json\/wp\/v2\/posts\/99398","targetHints":{"allow":["GET"]}}],"collection":[{"href":"https:\/\/www.giurgiuveanul.ro\/stiri\/wp-json\/wp\/v2\/posts"}],"about":[{"href":"https:\/\/www.giurgiuveanul.ro\/stiri\/wp-json\/wp\/v2\/types\/post"}],"author":[{"embeddable":true,"href":"https:\/\/www.giurgiuveanul.ro\/stiri\/wp-json\/wp\/v2\/users\/1"}],"replies":[{"embeddable":true,"href":"https:\/\/www.giurgiuveanul.ro\/stiri\/wp-json\/wp\/v2\/comments?post=99398"}],"version-history":[{"count":0,"href":"https:\/\/www.giurgiuveanul.ro\/stiri\/wp-json\/wp\/v2\/posts\/99398\/revisions"}],"wp:attachment":[{"href":"https:\/\/www.giurgiuveanul.ro\/stiri\/wp-json\/wp\/v2\/media?parent=99398"}],"wp:term":[{"taxonomy":"category","embeddable":true,"href":"https:\/\/www.giurgiuveanul.ro\/stiri\/wp-json\/wp\/v2\/categories?post=99398"},{"taxonomy":"post_tag","embeddable":true,"href":"https:\/\/www.giurgiuveanul.ro\/stiri\/wp-json\/wp\/v2\/tags?post=99398"}],"curies":[{"name":"wp","href":"https:\/\/api.w.org\/{rel}","templated":true}]}}