{"id":99409,"date":"2023-08-10T10:06:47","date_gmt":"2023-08-10T07:06:47","guid":{"rendered":"https:\/\/www.giurgiuveanul.ro\/stiri\/?p=99409"},"modified":"2023-08-10T10:13:29","modified_gmt":"2023-08-10T07:13:29","slug":"dupa-petrecerea-cubaneaza-o-noua-invitatie-pentru-giurgiuveni-seara-greceasca-la-restaurantul-bizet","status":"publish","type":"post","link":"https:\/\/www.giurgiuveanul.ro\/stiri\/dupa-petrecerea-cubaneaza-o-noua-invitatie-pentru-giurgiuveni-seara-greceasca-la-restaurantul-bizet\/","title":{"rendered":"Dup\u0103 petrecerea cubaneaz\u0103, o nou\u0103 invita\u0163ie pentru giurgiuveni: sear\u0103 greceasc\u0103&#8230; la restaurantul \u201eBizet\u201d!"},"content":{"rendered":"<p><strong><a href=\"https:\/\/www.giurgiuveanul.ro\/stiri\/wp-content\/uploads\/2023\/08\/1-1.jpg\"><img loading=\"lazy\" decoding=\"async\" class=\"aligncenter wp-image-99296\" src=\"https:\/\/www.giurgiuveanul.ro\/stiri\/wp-content\/uploads\/2023\/08\/1-1-560x357.jpg\" alt=\"\" width=\"580\" height=\"370\" srcset=\"https:\/\/www.giurgiuveanul.ro\/stiri\/wp-content\/uploads\/2023\/08\/1-1-560x357.jpg 560w, https:\/\/www.giurgiuveanul.ro\/stiri\/wp-content\/uploads\/2023\/08\/1-1-250x159.jpg 250w, https:\/\/www.giurgiuveanul.ro\/stiri\/wp-content\/uploads\/2023\/08\/1-1-768x489.jpg 768w, https:\/\/www.giurgiuveanul.ro\/stiri\/wp-content\/uploads\/2023\/08\/1-1-1536x979.jpg 1536w, https:\/\/www.giurgiuveanul.ro\/stiri\/wp-content\/uploads\/2023\/08\/1-1-400x255.jpg 400w, https:\/\/www.giurgiuveanul.ro\/stiri\/wp-content\/uploads\/2023\/08\/1-1.jpg 2048w\" sizes=\"auto, (max-width: 580px) 100vw, 580px\" \/><\/a>Vineri, 11 august, \u00eencep\u00e2nd cu ora 19:00,<!--more--> restaurantul \u201eBizet\u201d continu\u0103 seria evenimentelor tematice cu \u00eenc\u0103 o sear\u0103 de distrac\u0163ie, de aceast\u0103 dat\u0103, autentic greceasc\u0103!<\/strong><\/p>\n<p><a href=\"https:\/\/www.giurgiuveanul.ro\/stiri\/wp-content\/uploads\/2023\/08\/Bizet-seara-greceasca.jpeg\"><img loading=\"lazy\" decoding=\"async\" class=\"aligncenter wp-image-99411\" src=\"https:\/\/www.giurgiuveanul.ro\/stiri\/wp-content\/uploads\/2023\/08\/Bizet-seara-greceasca-560x383.jpeg\" alt=\"\" width=\"575\" height=\"393\" srcset=\"https:\/\/www.giurgiuveanul.ro\/stiri\/wp-content\/uploads\/2023\/08\/Bizet-seara-greceasca-560x383.jpeg 560w, https:\/\/www.giurgiuveanul.ro\/stiri\/wp-content\/uploads\/2023\/08\/Bizet-seara-greceasca-250x171.jpeg 250w, https:\/\/www.giurgiuveanul.ro\/stiri\/wp-content\/uploads\/2023\/08\/Bizet-seara-greceasca-768x525.jpeg 768w, https:\/\/www.giurgiuveanul.ro\/stiri\/wp-content\/uploads\/2023\/08\/Bizet-seara-greceasca-400x274.jpeg 400w, https:\/\/www.giurgiuveanul.ro\/stiri\/wp-content\/uploads\/2023\/08\/Bizet-seara-greceasca.jpeg 1069w\" sizes=\"auto, (max-width: 575px) 100vw, 575px\" \/><\/a><\/p>\n<p>Muzica tradi\u0163ional\u0103 greceasc\u0103 este asigurat\u0103 de <strong>Mihalis Greek Band!<\/strong><\/p>\n<p><a href=\"https:\/\/www.giurgiuveanul.ro\/stiri\/wp-content\/uploads\/2023\/08\/2-1.jpg\"><img loading=\"lazy\" decoding=\"async\" class=\"aligncenter wp-image-99298\" src=\"https:\/\/www.giurgiuveanul.ro\/stiri\/wp-content\/uploads\/2023\/08\/2-1-560x373.jpg\" alt=\"\" width=\"574\" height=\"382\" srcset=\"https:\/\/www.giurgiuveanul.ro\/stiri\/wp-content\/uploads\/2023\/08\/2-1-560x373.jpg 560w, https:\/\/www.giurgiuveanul.ro\/stiri\/wp-content\/uploads\/2023\/08\/2-1-250x167.jpg 250w, https:\/\/www.giurgiuveanul.ro\/stiri\/wp-content\/uploads\/2023\/08\/2-1-768x512.jpg 768w, https:\/\/www.giurgiuveanul.ro\/stiri\/wp-content\/uploads\/2023\/08\/2-1-1536x1024.jpg 1536w, https:\/\/www.giurgiuveanul.ro\/stiri\/wp-content\/uploads\/2023\/08\/2-1-400x267.jpg 400w, https:\/\/www.giurgiuveanul.ro\/stiri\/wp-content\/uploads\/2023\/08\/2-1.jpg 2048w\" sizes=\"auto, (max-width: 574px) 100vw, 574px\" \/><\/a><\/p>\n<p>De asemenea, nu vor lipsi nici preparatele cu fructe de mare g\u0103tite \u00een aer liber, la tig\u0103i!<\/p>\n<p><a href=\"https:\/\/www.giurgiuveanul.ro\/stiri\/wp-content\/uploads\/2023\/08\/gethumb.details.jpeg\"><img loading=\"lazy\" decoding=\"async\" class=\"aligncenter wp-image-99413\" src=\"https:\/\/www.giurgiuveanul.ro\/stiri\/wp-content\/uploads\/2023\/08\/gethumb.details-560x420.jpeg\" alt=\"\" width=\"569\" height=\"427\" srcset=\"https:\/\/www.giurgiuveanul.ro\/stiri\/wp-content\/uploads\/2023\/08\/gethumb.details-560x420.jpeg 560w, https:\/\/www.giurgiuveanul.ro\/stiri\/wp-content\/uploads\/2023\/08\/gethumb.details-250x188.jpeg 250w, https:\/\/www.giurgiuveanul.ro\/stiri\/wp-content\/uploads\/2023\/08\/gethumb.details-768x576.jpeg 768w, https:\/\/www.giurgiuveanul.ro\/stiri\/wp-content\/uploads\/2023\/08\/gethumb.details-400x300.jpeg 400w, https:\/\/www.giurgiuveanul.ro\/stiri\/wp-content\/uploads\/2023\/08\/gethumb.details.jpeg 800w\" sizes=\"auto, (max-width: 569px) 100vw, 569px\" \/><\/a><\/p>\n<p>Ia-\u0163i ga\u0219ca de prieteni \u0219i hai s\u0103 petrecem autentic grecesc!<\/p>\n<p><a href=\"https:\/\/www.giurgiuveanul.ro\/stiri\/wp-content\/uploads\/2023\/08\/4-1.jpg\"><img loading=\"lazy\" decoding=\"async\" class=\"aligncenter wp-image-99300\" src=\"https:\/\/www.giurgiuveanul.ro\/stiri\/wp-content\/uploads\/2023\/08\/4-1-560x398.jpg\" alt=\"\" width=\"560\" height=\"398\" srcset=\"https:\/\/www.giurgiuveanul.ro\/stiri\/wp-content\/uploads\/2023\/08\/4-1-560x398.jpg 560w, https:\/\/www.giurgiuveanul.ro\/stiri\/wp-content\/uploads\/2023\/08\/4-1-250x177.jpg 250w, https:\/\/www.giurgiuveanul.ro\/stiri\/wp-content\/uploads\/2023\/08\/4-1-768x545.jpg 768w, https:\/\/www.giurgiuveanul.ro\/stiri\/wp-content\/uploads\/2023\/08\/4-1-1536x1091.jpg 1536w, https:\/\/www.giurgiuveanul.ro\/stiri\/wp-content\/uploads\/2023\/08\/4-1-400x284.jpg 400w, https:\/\/www.giurgiuveanul.ro\/stiri\/wp-content\/uploads\/2023\/08\/4-1.jpg 2048w\" sizes=\"auto, (max-width: 560px) 100vw, 560px\" \/><\/a><\/p>\n<p>Mai multe DETALII aici <a href=\"https:\/\/www.facebook.com\/profile.php?id=100092361046382\">https:\/\/www.facebook.com\/profile.php?id=100092361046382<\/a>.<\/p>\n","protected":false},"excerpt":{"rendered":"<p>Vineri, 11 august, \u00eencep\u00e2nd cu ora 19:00,<\/p>\n","protected":false},"author":1,"featured_media":0,"comment_status":"open","ping_status":"open","sticky":false,"template":"","format":"standard","meta":{"footnotes":""},"categories":[6],"tags":[],"class_list":["post-99409","post","type-post","status-publish","format-standard","hentry","category-breaking-news"],"_links":{"self":[{"href":"https:\/\/www.giurgiuveanul.ro\/stiri\/wp-json\/wp\/v2\/posts\/99409","targetHints":{"allow":["GET"]}}],"collection":[{"href":"https:\/\/www.giurgiuveanul.ro\/stiri\/wp-json\/wp\/v2\/posts"}],"about":[{"href":"https:\/\/www.giurgiuveanul.ro\/stiri\/wp-json\/wp\/v2\/types\/post"}],"author":[{"embeddable":true,"href":"https:\/\/www.giurgiuveanul.ro\/stiri\/wp-json\/wp\/v2\/users\/1"}],"replies":[{"embeddable":true,"href":"https:\/\/www.giurgiuveanul.ro\/stiri\/wp-json\/wp\/v2\/comments?post=99409"}],"version-history":[{"count":0,"href":"https:\/\/www.giurgiuveanul.ro\/stiri\/wp-json\/wp\/v2\/posts\/99409\/revisions"}],"wp:attachment":[{"href":"https:\/\/www.giurgiuveanul.ro\/stiri\/wp-json\/wp\/v2\/media?parent=99409"}],"wp:term":[{"taxonomy":"category","embeddable":true,"href":"https:\/\/www.giurgiuveanul.ro\/stiri\/wp-json\/wp\/v2\/categories?post=99409"},{"taxonomy":"post_tag","embeddable":true,"href":"https:\/\/www.giurgiuveanul.ro\/stiri\/wp-json\/wp\/v2\/tags?post=99409"}],"curies":[{"name":"wp","href":"https:\/\/api.w.org\/{rel}","templated":true}]}}