{"id":99417,"date":"2023-08-10T15:47:10","date_gmt":"2023-08-10T12:47:10","guid":{"rendered":"https:\/\/www.giurgiuveanul.ro\/stiri\/?p=99417"},"modified":"2023-08-10T15:47:10","modified_gmt":"2023-08-10T12:47:10","slug":"ministerul-afacerilor-externe-atentionare-de-calatorie-pentru-romanii-care-vor-sa-mearga-in-bulgaria-grecia-si-turcia","status":"publish","type":"post","link":"https:\/\/www.giurgiuveanul.ro\/stiri\/ministerul-afacerilor-externe-atentionare-de-calatorie-pentru-romanii-care-vor-sa-mearga-in-bulgaria-grecia-si-turcia\/","title":{"rendered":"Ministerul Afacerilor Externe: Aten\u021bionare de c\u0103l\u0103torie pentru rom\u00e2nii care vor s\u0103 mearg\u0103 \u00een Bulgaria, Grecia \u0219i Turcia"},"content":{"rendered":"<p style=\"text-align: justify;\"><strong><a href=\"https:\/\/www.giurgiuveanul.ro\/stiri\/wp-content\/uploads\/2023\/08\/IMG_7458.jpg\"><img loading=\"lazy\" decoding=\"async\" class=\"aligncenter  wp-image-99418\" src=\"https:\/\/www.giurgiuveanul.ro\/stiri\/wp-content\/uploads\/2023\/08\/IMG_7458-560x352.jpg\" alt=\"\" width=\"566\" height=\"356\" srcset=\"https:\/\/www.giurgiuveanul.ro\/stiri\/wp-content\/uploads\/2023\/08\/IMG_7458-560x352.jpg 560w, https:\/\/www.giurgiuveanul.ro\/stiri\/wp-content\/uploads\/2023\/08\/IMG_7458-250x157.jpg 250w, https:\/\/www.giurgiuveanul.ro\/stiri\/wp-content\/uploads\/2023\/08\/IMG_7458-768x483.jpg 768w, https:\/\/www.giurgiuveanul.ro\/stiri\/wp-content\/uploads\/2023\/08\/IMG_7458-400x251.jpg 400w, https:\/\/www.giurgiuveanul.ro\/stiri\/wp-content\/uploads\/2023\/08\/IMG_7458.jpg 1300w\" sizes=\"auto, (max-width: 566px) 100vw, 566px\" \/><\/a>Ministerul Afacerilor Externe informeaz\u0103 cet\u0103\u0163enii rom\u00e2ni care inten\u0163ioneaz\u0103 s\u0103 c\u0103l\u0103toreasc\u0103 \u00een Bulgaria sau s\u0103 tranziteze teritoriul acestui stat c\u0103tre Republica Elen\u0103 sau Republica Turcia c\u0103, pentru perioada 11 &#8211; 15 august,<!--more--> sunt preconiza\u0163i timpi mari de a\u015fteptare la trecerea prin punctele de frontier\u0103 bulgare.<\/strong><\/p>\n<p style=\"text-align: justify;\">Astfel, este recomandat\u0103 folosireatuturor punctelor de frontier\u0103 bulgare deschise circula\u0163iei interna\u0163ionale, dup\u0103 cum urmeaz\u0103:<\/p>\n<ul style=\"text-align: justify;\">\n<li><strong>la frontiera rom\u00e2no &#8211; bulgar\u0103<\/strong>: Giurgiu &#8211; Ruse, Calafat &#8211; Vidin, Negru Vod\u0103 &#8211; Kardam, Vama Veche &#8211; Durankulak, Lipni\u0163a &#8211; Kainardja \u015fi Dobromir &#8211; Krushari (ultimele dou\u0103 puncte cu orar de func\u0163ionare 8,00 &#8211; 20,00 pentru autovehicule cu masa total\u0103 admis\u0103 de p\u00e2n\u0103 la 3,5 tone), Ostrov &#8211; Silistra, Turnu M\u0103gurele &#8211; Nikopol (ferry, cu program de func\u0163ionare 8,30 &#8211; 19,30 &#8211;\u00a0<a class=\"external\" href=\"http:\/\/www.feribot-eurobac.ro\/\" target=\"_blank\" rel=\"noopener noreferrer\">www.feribot-eurobac.ro<\/a>), Zimnicea &#8211; Svishtov (ferry, cu program de func\u0163ionare 8,30 &#8211; 19,00 &#8211;\u00a0<a class=\"external\" href=\"http:\/\/www.ferry.bg\/\" target=\"_blank\" rel=\"noopener noreferrer\">www.ferry.bg<\/a>) \u015fi Bechet &#8211; Oryahovo (ferry, cu program de func\u0163ionare 5,00 &#8211; 24,00 &#8211;\u00a0<a class=\"external\" href=\"http:\/\/www.ferryboat.bg\/\" target=\"_blank\" rel=\"noopener noreferrer\">www.ferryboat.bg<\/a>);<\/li>\n<li><strong>la frontiera bulgaro &#8211; elen\u0103<\/strong>: Kulata &#8211; Promachonas; Makaza &#8211; Nimfea (masa total\u0103 admis\u0103 a autovehiculelor de p\u00e2n\u0103 la 3,5 tone); Ilinden &#8211; Exohi (traseu ocolitor pentru PCTF Kulata, ruta spre Kavala); Kapitan Petko Voivoda &#8211; Ormenion (ruta spre Alexandropolis); Zlatograd &#8211; Termes \u015fi Ivaylovgrad &#8211; Kiprinos (ultimele dou\u0103 puncte doar pentru autovehicule cu masa total\u0103 admis\u0103 de p\u00e2n\u0103 la 3,5 tone).<\/li>\n<li><strong>\u00een cazul tranzit\u0103rii punctului de frontier\u0103 Kulata<\/strong>, se recomand\u0103 turi\u015ftilor rom\u00e2ni s\u0103 nu foloseasc\u0103 trasee secundare sau ter\u0163iare ocolitoare \u00een scopul evit\u0103rii coloanelor de autoturisme aflate \u00een a\u015fteptare pe autostrada A3 &#8211; Struma pe sensul de ie\u015fire din Bulgaria c\u0103tre Grecia (\u00een astfel de situa\u0163ii, pe aceste trasee ocolitoare, autorit\u0103\u0163ile bulgare de poli\u0163ie desf\u0103\u015foar\u0103 filtre de control care nu permit accesul c\u0103tre punct dec\u00e2t \u00een cazul autovehiculelor \u00een care se afl\u0103 func\u0163ionari sau angaja\u0163i ai firmelor care \u00ee\u015fi desf\u0103\u015foar\u0103 activitatea \u00een zona adiacent\u0103 punctului, ori localnici din zon\u0103; singura cale de acces c\u0103tre punctul Kulata pe sensul de ie\u015fire c\u0103tre Republica Elen\u0103 este autostrada A3 &#8211; Struma).<\/li>\n<li><strong>la frontiera bulgaro &#8211; turc\u0103:<\/strong>\u00a0Kapitan Andreevo &#8211; Kapikule; Lesovo &#8211; Hamzabeyli; Malko T\u00e2rnovo &#8211; Derekoy (ultimul punct prezint\u0103 o infrastructur\u0103 redus\u0103 \u015fi \u00eenregistreaz\u0103 \u00een mod constant timpi de a\u015fteptare foarte mari).<\/li>\n<\/ul>\n<p style=\"text-align: justify;\"><strong>Recomand\u0103rile MAE<\/strong><\/p>\n<p>Le este recomandat cet\u0103\u0163enilor rom\u00e2ni s\u0103 se asigure c\u0103 de\u0163in suficiente resurse de combustibil, ap\u0103 \u015fi alimente \u015fi c\u0103 men\u0163in \u00een stare de func\u0163ionare mijloacele mobile de comunicare, iar firmelor rom\u00e2ne\u015fti de transport interna\u0163ional de marf\u0103 sau pasageri &#8211; s\u0103 \u00eentreprind\u0103 m\u0103suri adecvate \u00een vederea organiz\u0103rii temeinice a itinerariilor de deplasare, prin luarea \u00een considerare a posibilit\u0103\u0163ii \u00eenregistr\u0103rii unor timpi m\u0103ri\u0163i de a\u015fteptare la trecerea frontierei bulgare \u015fi prin asigurarea resurselor necesare de ap\u0103 \u015fi alimente pentru persoanele transportate.<\/p>\n<p style=\"text-align: justify;\">Se recomand\u0103 tuturor conduc\u0103torilor de autovehicule s\u0103 respecte cu stricte\u0163e regulile de trafic rutier, \u00een special regimul legal de vitez\u0103 admis\u0103 \u00een localit\u0103\u0163ile din Bulgaria, dar \u015fi \u00een afara acestora (drumuri na\u0163ionale \u015fi autostr\u0103zi).<\/p>\n<p style=\"text-align: justify;\">De asemenea, cet\u0103\u0163enilor rom\u00e2ni care revin \u00een Rom\u00e2nia la data de 15 august li se recomand\u0103 s\u0103 ia \u00een calcul posibilitatea m\u0103ririi considerabile a timpilor de a\u015fteptare la trecerea prin punctul de frontier\u0103 Ruse, la taxa de pod, \u00een special \u00een a doua parte a zilei, atunci c\u00e2nd majoritatea turi\u015ftilor rom\u00e2ni revin \u00een Rom\u00e2nia \u015fi aleg s\u0103 intre \u00een \u0163ar\u0103 prin punctul de trecere a frontierei de la podul Giurgiu &#8211; Ruse.<\/p>\n<p style=\"text-align: justify;\">Este recomandat totodat\u0103 ca turi\u015ftii rom\u00e2ni care aleg s\u0103 revin\u0103 \u00een \u0163ar\u0103 prin PTF Ruse s\u0103 preg\u0103teasc\u0103, \u00een prealabil, suma exact\u0103 pentru taxa de pod, \u015fi anume 4 (patru) leva sau 2 (doi) euro (monede cu valoare nominal\u0103 de 1 euro sau 2 euro), \u00een acest mod put\u00e2nd fi scurta\u0163i considerabil timpii de a\u015fteptare pentru procesarea \u015fi eliberarea documentelor justificative tip chitan\u0163e, facturi, bonuri fiscale.<\/p>\n<p style=\"text-align: justify;\">\u00cen acest context, se recomand\u0103 achizi\u0163ionarea acesteia \u00eenainte de intrarea pe segmentul de drum rutier din Republica Bulgaria supus tax\u0103rii &#8211; \u015fi achitarea conform\u0103 a taxelor de drum tip TOLL pentru folosirea infrastructurii rutiere publice din Republica Bulgaria, \u00een conformitate cu legisla\u0163ia \u00een vigoare.<\/p>\n<p style=\"text-align: justify;\">Autorit\u0103\u0163ile bulgare recomand\u0103 insistent c\u0103 vinieta electronic\u0103 s\u0103 fie achizi\u0163ionat\u0103 online prin intermediul site-ului\u00a0<a class=\"external\" href=\"http:\/\/www.bgtoll.bg\/\" target=\"_blank\" rel=\"noopener noreferrer\">www.bgtoll.bg<\/a>\u00a0(cu versiune \u015fi \u00een limba rom\u00e2n\u0103 &#8211;\u00a0<a class=\"external\" href=\"http:\/\/www.bgtoll.bg\/ro\/rovinieta-electronica\" target=\"_blank\" rel=\"noopener noreferrer\">www.bgtoll.bg\/ro\/rovinieta-electronica<\/a>) &#8211; site oficial recomandat de autorit\u0103\u0163ile bulgare competente.<\/p>\n","protected":false},"excerpt":{"rendered":"<p>Ministerul Afacerilor Externe informeaz\u0103 cet\u0103\u0163enii rom\u00e2ni care inten\u0163ioneaz\u0103 s\u0103 c\u0103l\u0103toreasc\u0103 \u00een Bulgaria sau s\u0103 tranziteze teritoriul acestui stat c\u0103tre Republica Elen\u0103 sau Republica Turcia c\u0103, pentru perioada 11 &#8211; 15 august,<\/p>\n","protected":false},"author":1,"featured_media":0,"comment_status":"open","ping_status":"open","sticky":false,"template":"","format":"standard","meta":{"footnotes":""},"categories":[6],"tags":[],"class_list":["post-99417","post","type-post","status-publish","format-standard","hentry","category-breaking-news"],"_links":{"self":[{"href":"https:\/\/www.giurgiuveanul.ro\/stiri\/wp-json\/wp\/v2\/posts\/99417","targetHints":{"allow":["GET"]}}],"collection":[{"href":"https:\/\/www.giurgiuveanul.ro\/stiri\/wp-json\/wp\/v2\/posts"}],"about":[{"href":"https:\/\/www.giurgiuveanul.ro\/stiri\/wp-json\/wp\/v2\/types\/post"}],"author":[{"embeddable":true,"href":"https:\/\/www.giurgiuveanul.ro\/stiri\/wp-json\/wp\/v2\/users\/1"}],"replies":[{"embeddable":true,"href":"https:\/\/www.giurgiuveanul.ro\/stiri\/wp-json\/wp\/v2\/comments?post=99417"}],"version-history":[{"count":0,"href":"https:\/\/www.giurgiuveanul.ro\/stiri\/wp-json\/wp\/v2\/posts\/99417\/revisions"}],"wp:attachment":[{"href":"https:\/\/www.giurgiuveanul.ro\/stiri\/wp-json\/wp\/v2\/media?parent=99417"}],"wp:term":[{"taxonomy":"category","embeddable":true,"href":"https:\/\/www.giurgiuveanul.ro\/stiri\/wp-json\/wp\/v2\/categories?post=99417"},{"taxonomy":"post_tag","embeddable":true,"href":"https:\/\/www.giurgiuveanul.ro\/stiri\/wp-json\/wp\/v2\/tags?post=99417"}],"curies":[{"name":"wp","href":"https:\/\/api.w.org\/{rel}","templated":true}]}}