{"id":99420,"date":"2023-08-10T16:32:18","date_gmt":"2023-08-10T13:32:18","guid":{"rendered":"https:\/\/www.giurgiuveanul.ro\/stiri\/?p=99420"},"modified":"2023-08-10T16:33:29","modified_gmt":"2023-08-10T13:33:29","slug":"municipiul-giurgiu-patru-zile-de-sarbatoare-prilejuite-de-sarbatoarea-sfintei-marii","status":"publish","type":"post","link":"https:\/\/www.giurgiuveanul.ro\/stiri\/municipiul-giurgiu-patru-zile-de-sarbatoare-prilejuite-de-sarbatoarea-sfintei-marii\/","title":{"rendered":"Municipiul Giurgiu. Patru zile de s\u0103rb\u0103toare, prilejuite de s\u0103rb\u0103toarea Sfintei Marii"},"content":{"rendered":"<p style=\"text-align: justify;\"><strong><a href=\"https:\/\/www.giurgiuveanul.ro\/stiri\/wp-content\/uploads\/2023\/08\/364737036_781145897351432_8496780463920741068_n.jpg\"><img loading=\"lazy\" decoding=\"async\" class=\"aligncenter wp-image-99421\" src=\"https:\/\/www.giurgiuveanul.ro\/stiri\/wp-content\/uploads\/2023\/08\/364737036_781145897351432_8496780463920741068_n-560x331.jpg\" alt=\"\" width=\"572\" height=\"338\" srcset=\"https:\/\/www.giurgiuveanul.ro\/stiri\/wp-content\/uploads\/2023\/08\/364737036_781145897351432_8496780463920741068_n-560x331.jpg 560w, https:\/\/www.giurgiuveanul.ro\/stiri\/wp-content\/uploads\/2023\/08\/364737036_781145897351432_8496780463920741068_n-250x148.jpg 250w, https:\/\/www.giurgiuveanul.ro\/stiri\/wp-content\/uploads\/2023\/08\/364737036_781145897351432_8496780463920741068_n-768x454.jpg 768w, https:\/\/www.giurgiuveanul.ro\/stiri\/wp-content\/uploads\/2023\/08\/364737036_781145897351432_8496780463920741068_n-400x236.jpg 400w, https:\/\/www.giurgiuveanul.ro\/stiri\/wp-content\/uploads\/2023\/08\/364737036_781145897351432_8496780463920741068_n.jpg 900w\" sizes=\"auto, (max-width: 572px) 100vw, 572px\" \/><\/a>Evenimentele dedicate s\u0103rb\u0103toririi zilei de Sf\u00e2nta Maria vor debuta<!--more--> s\u00e2mb\u0103t\u0103 12 august, potrivit Prim\u0103riei Municipiului Giurgiu.<\/strong><\/p>\n<p style=\"text-align: justify;\">Astfel, \u00een perioada 12-15 august 2023, \u00een zona adiacent\u0103 Parcului Tineretului giurgiuvenii sunt invita\u021bi la spectacole \u00een aer liber, activit\u0103\u021bi distractive, de comer\u021b \u0219i alimenta\u021bie public\u0103.<\/p>\n<p><a href=\"https:\/\/www.giurgiuveanul.ro\/stiri\/wp-content\/uploads\/2023\/08\/364699182_781164000682955_696207982841764456_n.jpg\"><img loading=\"lazy\" decoding=\"async\" class=\"aligncenter  wp-image-99423\" src=\"https:\/\/www.giurgiuveanul.ro\/stiri\/wp-content\/uploads\/2023\/08\/364699182_781164000682955_696207982841764456_n-319x450.jpg\" alt=\"\" width=\"578\" height=\"816\" srcset=\"https:\/\/www.giurgiuveanul.ro\/stiri\/wp-content\/uploads\/2023\/08\/364699182_781164000682955_696207982841764456_n-319x450.jpg 319w, https:\/\/www.giurgiuveanul.ro\/stiri\/wp-content\/uploads\/2023\/08\/364699182_781164000682955_696207982841764456_n-213x300.jpg 213w, https:\/\/www.giurgiuveanul.ro\/stiri\/wp-content\/uploads\/2023\/08\/364699182_781164000682955_696207982841764456_n-768x1084.jpg 768w, https:\/\/www.giurgiuveanul.ro\/stiri\/wp-content\/uploads\/2023\/08\/364699182_781164000682955_696207982841764456_n-1089x1536.jpg 1089w, https:\/\/www.giurgiuveanul.ro\/stiri\/wp-content\/uploads\/2023\/08\/364699182_781164000682955_696207982841764456_n-400x564.jpg 400w, https:\/\/www.giurgiuveanul.ro\/stiri\/wp-content\/uploads\/2023\/08\/364699182_781164000682955_696207982841764456_n.jpg 1134w\" sizes=\"auto, (max-width: 578px) 100vw, 578px\" \/><\/a><\/p>\n<p style=\"text-align: justify;\"><strong>Programul spectacolelor:<\/strong><\/p>\n<p style=\"text-align: justify;\">\u27a1\ufe0fS\u00e2mb\u0103t\u0103, 12 august 2023, interval orar 19:30 &#8211; 23:00<\/p>\n<p style=\"text-align: justify;\">\u00a0\u00a0\u00a0\u00a0\u00a0 \ud83c\udfa4DJ Marc Rayen<\/p>\n<p style=\"text-align: justify;\">\u27a1\ufe0fDuminic\u0103, 13 august 2023, interval orar 19:30 &#8211; 23:00<\/p>\n<p style=\"text-align: justify;\">\u00a0\u00a0\u00a0\u00a0\u00a0\u00a0 \ud83c\udfa4Cristina Ene<\/p>\n<p style=\"text-align: justify;\">\u00a0\u00a0\u00a0\u00a0\u00a0\u00a0 \ud83c\udfa4JO<\/p>\n<p style=\"text-align: justify;\">\u00a0\u00a0\u00a0\u00a0\u00a0\u00a0 \ud83c\udfa4Juno<\/p>\n<p style=\"text-align: justify;\">\u27a1\ufe0fLuni, 14 august 2023, interval orar 19:30 &#8211; 23:00<\/p>\n<p style=\"text-align: justify;\">\u00a0\u00a0\u00a0\u00a0\u00a0\u00a0\u00a0 \ud83c\udfa4Pianistul<\/p>\n<p style=\"text-align: justify;\">\u00a0\u00a0\u00a0\u00a0\u00a0\u00a0\u00a0 \ud83c\udfa4Polly<\/p>\n<p style=\"text-align: justify;\">\u00a0\u00a0\u00a0\u00a0\u00a0\u00a0\u00a0 \ud83c\udfa4Luis Gabriel<\/p>\n<p style=\"text-align: justify;\">\u27a1\ufe0fMar\u021bi, 15 august 2023, interval orar 19:30 &#8211; 23:00<\/p>\n<p style=\"text-align: justify;\">Spectacol sus\u021binut de Ansamblul Folcloric \u201dDoina Dun\u0103rii\u201d Giurgiu, dirijor: Ion Ivanovici<\/p>\n<p style=\"text-align: justify;\">Forma\u021bia de dansuri \u201dDoina Dun\u0103rii\u201d \u0219i \u201dRom\u00e2na\u0219ul\u201d, coregrafi \u0218tefania \u0219i Petric\u0103 Moga<\/p>\n<p style=\"text-align: justify;\">\u00a0\u00a0\u00a0\u00a0\u00a0\u00a0\u00a0\u00a0 \ud83c\udfa4Georgeta Vasile M\u0103sur\u0103<\/p>\n<p style=\"text-align: justify;\">\u00a0\u00a0\u00a0\u00a0\u00a0\u00a0\u00a0\u00a0 \ud83c\udfa4Adelina G\u0103ujeneanu<\/p>\n<p style=\"text-align: justify;\">\u00a0\u00a0\u00a0\u00a0\u00a0\u00a0\u00a0\u00a0 \ud83c\udfa4Mariana Cimpoia\u0219u<\/p>\n<p style=\"text-align: justify;\">\u00a0\u00a0\u00a0\u00a0\u00a0\u00a0\u00a0\u00a0 \ud83c\udfa4Mihaela B\u0103baru<\/p>\n<p style=\"text-align: justify;\">\u00a0\u00a0\u00a0\u00a0\u00a0\u00a0\u00a0\u00a0 \ud83c\udfa4Selena Andreea M\u0103rgean<\/p>\n<p style=\"text-align: justify;\">\u00a0\u00a0\u00a0\u00a0\u00a0\u00a0\u00a0\u00a0 \ud83c\udfa4Mariana Simion<\/p>\n<p style=\"text-align: justify;\">\u00a0\u00a0\u00a0\u00a0\u00a0\u00a0\u00a0\u00a0 \ud83c\udfa4Urlea Iulian<\/p>\n<p style=\"text-align: justify;\">\u00a0\u00a0\u00a0\u00a0\u00a0\u00a0\u00a0\u00a0 \ud83c\udfa4Sima Daniel<\/p>\n","protected":false},"excerpt":{"rendered":"<p>Evenimentele dedicate s\u0103rb\u0103toririi zilei de Sf\u00e2nta Maria vor debuta<\/p>\n","protected":false},"author":1,"featured_media":0,"comment_status":"open","ping_status":"open","sticky":false,"template":"","format":"standard","meta":{"footnotes":""},"categories":[6],"tags":[],"class_list":["post-99420","post","type-post","status-publish","format-standard","hentry","category-breaking-news"],"_links":{"self":[{"href":"https:\/\/www.giurgiuveanul.ro\/stiri\/wp-json\/wp\/v2\/posts\/99420","targetHints":{"allow":["GET"]}}],"collection":[{"href":"https:\/\/www.giurgiuveanul.ro\/stiri\/wp-json\/wp\/v2\/posts"}],"about":[{"href":"https:\/\/www.giurgiuveanul.ro\/stiri\/wp-json\/wp\/v2\/types\/post"}],"author":[{"embeddable":true,"href":"https:\/\/www.giurgiuveanul.ro\/stiri\/wp-json\/wp\/v2\/users\/1"}],"replies":[{"embeddable":true,"href":"https:\/\/www.giurgiuveanul.ro\/stiri\/wp-json\/wp\/v2\/comments?post=99420"}],"version-history":[{"count":0,"href":"https:\/\/www.giurgiuveanul.ro\/stiri\/wp-json\/wp\/v2\/posts\/99420\/revisions"}],"wp:attachment":[{"href":"https:\/\/www.giurgiuveanul.ro\/stiri\/wp-json\/wp\/v2\/media?parent=99420"}],"wp:term":[{"taxonomy":"category","embeddable":true,"href":"https:\/\/www.giurgiuveanul.ro\/stiri\/wp-json\/wp\/v2\/categories?post=99420"},{"taxonomy":"post_tag","embeddable":true,"href":"https:\/\/www.giurgiuveanul.ro\/stiri\/wp-json\/wp\/v2\/tags?post=99420"}],"curies":[{"name":"wp","href":"https:\/\/api.w.org\/{rel}","templated":true}]}}