{"id":99459,"date":"2023-08-13T19:05:23","date_gmt":"2023-08-13T16:05:23","guid":{"rendered":"https:\/\/www.giurgiuveanul.ro\/stiri\/?p=99459"},"modified":"2023-08-13T19:05:23","modified_gmt":"2023-08-13T16:05:23","slug":"giurgiuvean-arestat-la-domiciliu-prins-de-politistii-din-cadrul-serviciului-de-investigatii-criminale-la-magazin","status":"publish","type":"post","link":"https:\/\/www.giurgiuveanul.ro\/stiri\/giurgiuvean-arestat-la-domiciliu-prins-de-politistii-din-cadrul-serviciului-de-investigatii-criminale-la-magazin\/","title":{"rendered":"Giurgiuvean arestat la domiciliu, prins de poli\u021bi\u0219tii din cadrul Serviciului de Investiga\u021bii Criminale&#8230; la magazin"},"content":{"rendered":"<p style=\"text-align: justify;\"><strong><a href=\"https:\/\/www.giurgiuveanul.ro\/stiri\/wp-content\/uploads\/2023\/03\/investigatii-criminale.jpg\"><img loading=\"lazy\" decoding=\"async\" class=\"aligncenter  wp-image-96251\" src=\"https:\/\/www.giurgiuveanul.ro\/stiri\/wp-content\/uploads\/2023\/03\/investigatii-criminale-560x318.jpg\" alt=\"\" width=\"579\" height=\"329\" srcset=\"https:\/\/www.giurgiuveanul.ro\/stiri\/wp-content\/uploads\/2023\/03\/investigatii-criminale-560x318.jpg 560w, https:\/\/www.giurgiuveanul.ro\/stiri\/wp-content\/uploads\/2023\/03\/investigatii-criminale-250x142.jpg 250w, https:\/\/www.giurgiuveanul.ro\/stiri\/wp-content\/uploads\/2023\/03\/investigatii-criminale-768x436.jpg 768w, https:\/\/www.giurgiuveanul.ro\/stiri\/wp-content\/uploads\/2023\/03\/investigatii-criminale-400x227.jpg 400w, https:\/\/www.giurgiuveanul.ro\/stiri\/wp-content\/uploads\/2023\/03\/investigatii-criminale.jpg 1188w\" sizes=\"auto, (max-width: 579px) 100vw, 579px\" \/><\/a>Poli\u021bi\u0219tii din cadrul Serviciului de Investiga\u021bii Criminle Giurgiu<!--more--> au desf\u0103\u0219urat activit\u0103\u021bi pe linie de supraveghere judiciar\u0103, fiind efectuate verific\u0103ri la domiciliile persoanelor aflate sub m\u0103sura preventiv\u0103 a arestului la domiciliu.<\/strong><\/p>\n<p style=\"text-align: justify;\">\n<p style=\"text-align: justify;\">Astfel, poli\u021bi\u0219tii giurgiuveni au depistat, \u00een flagrant delict, \u00een incinta unei societ\u0103\u021bi comerciale, din localitatea Gostinu, jude\u021bul Giurgiu, un b\u0103rbat, de 54 de ani, din aceea\u0219i localitate, cercetat \u00eentr-un dosar penal pentru s\u0103v\u00e2r\u0219irea infrac\u021biunii de viol.<\/p>\n<p style=\"text-align: justify;\">\n<p style=\"text-align: justify;\">Av\u00e2nd \u00een vedere aspectele constatate, sub coordonarea Parchetului de pe l\u00e2ng\u0103 Judec\u0103toria Giurgiu, \u00eentruc\u00e2t b\u0103rbatul a \u00eenc\u0103lcat m\u0103sura arestului la domiciliu, acesta a fost re\u021binut, pentru 24 de ore, urm\u00e2nd a fi prezentant instan\u021bei de judecat\u0103, cu propuneri legale<\/p>\n","protected":false},"excerpt":{"rendered":"<p>Poli\u021bi\u0219tii din cadrul Serviciului de Investiga\u021bii Criminle Giurgiu<\/p>\n","protected":false},"author":1,"featured_media":0,"comment_status":"open","ping_status":"open","sticky":false,"template":"","format":"standard","meta":{"footnotes":""},"categories":[6],"tags":[],"class_list":["post-99459","post","type-post","status-publish","format-standard","hentry","category-breaking-news"],"_links":{"self":[{"href":"https:\/\/www.giurgiuveanul.ro\/stiri\/wp-json\/wp\/v2\/posts\/99459","targetHints":{"allow":["GET"]}}],"collection":[{"href":"https:\/\/www.giurgiuveanul.ro\/stiri\/wp-json\/wp\/v2\/posts"}],"about":[{"href":"https:\/\/www.giurgiuveanul.ro\/stiri\/wp-json\/wp\/v2\/types\/post"}],"author":[{"embeddable":true,"href":"https:\/\/www.giurgiuveanul.ro\/stiri\/wp-json\/wp\/v2\/users\/1"}],"replies":[{"embeddable":true,"href":"https:\/\/www.giurgiuveanul.ro\/stiri\/wp-json\/wp\/v2\/comments?post=99459"}],"version-history":[{"count":0,"href":"https:\/\/www.giurgiuveanul.ro\/stiri\/wp-json\/wp\/v2\/posts\/99459\/revisions"}],"wp:attachment":[{"href":"https:\/\/www.giurgiuveanul.ro\/stiri\/wp-json\/wp\/v2\/media?parent=99459"}],"wp:term":[{"taxonomy":"category","embeddable":true,"href":"https:\/\/www.giurgiuveanul.ro\/stiri\/wp-json\/wp\/v2\/categories?post=99459"},{"taxonomy":"post_tag","embeddable":true,"href":"https:\/\/www.giurgiuveanul.ro\/stiri\/wp-json\/wp\/v2\/tags?post=99459"}],"curies":[{"name":"wp","href":"https:\/\/api.w.org\/{rel}","templated":true}]}}