{"id":99475,"date":"2023-08-14T16:46:23","date_gmt":"2023-08-14T13:46:23","guid":{"rendered":"https:\/\/www.giurgiuveanul.ro\/stiri\/?p=99475"},"modified":"2023-08-14T17:20:43","modified_gmt":"2023-08-14T14:20:43","slug":"atentie-in-perioada-16-25-august-2023-va-fi-inchis-pasajul-de-cale-ferata-de-pe-dj411-zona-gara-comana","status":"publish","type":"post","link":"https:\/\/www.giurgiuveanul.ro\/stiri\/atentie-in-perioada-16-25-august-2023-va-fi-inchis-pasajul-de-cale-ferata-de-pe-dj411-zona-gara-comana\/","title":{"rendered":"ATEN\u0162IE! \u00cen perioada 16-25 august 2023 va fi \u00eenchis pasajul de cale ferat\u0103 de pe DJ411 &#8211; zona gara Comana"},"content":{"rendered":"<p class=\"yiv8790891781MsoNormal\" style=\"text-align: justify;\"><a href=\"https:\/\/www.giurgiuveanul.ro\/stiri\/wp-content\/uploads\/2023\/08\/Untitled.jpeg\"><img loading=\"lazy\" decoding=\"async\" class=\"aligncenter wp-image-99476\" src=\"https:\/\/www.giurgiuveanul.ro\/stiri\/wp-content\/uploads\/2023\/08\/Untitled-560x325.jpeg\" alt=\"\" width=\"582\" height=\"338\" srcset=\"https:\/\/www.giurgiuveanul.ro\/stiri\/wp-content\/uploads\/2023\/08\/Untitled-560x325.jpeg 560w, https:\/\/www.giurgiuveanul.ro\/stiri\/wp-content\/uploads\/2023\/08\/Untitled-250x145.jpeg 250w, https:\/\/www.giurgiuveanul.ro\/stiri\/wp-content\/uploads\/2023\/08\/Untitled-400x232.jpeg 400w, https:\/\/www.giurgiuveanul.ro\/stiri\/wp-content\/uploads\/2023\/08\/Untitled.jpeg 717w\" sizes=\"auto, (max-width: 582px) 100vw, 582px\" \/><\/a>\u00cen perioada <strong>16-25 august 2023<\/strong><!--more--> <strong>va fi \u00eenchis pasajul de cale ferat\u0103 de pe DJ411 (zona gara Comana)<\/strong>, \u00eentruc\u00e2t <strong>PORR CONSTRUCT<\/strong> a ob\u0163inut aprob\u0103rile necesare pentru execu\u0163ia lucr\u0103rilor de refacere a structurii rutiere.<\/p>\n<p class=\"yiv8790891781MsoNormal\" style=\"text-align: justify;\">\u00cen aceast\u0103 perioad\u0103 traficul rutier se va desf\u0103\u015fura pe urm\u0103toarea rut\u0103 ocolitoare:<\/p>\n<p class=\"yiv8790891781MsoNormal\" style=\"text-align: justify;\"><span style=\"color: #ff0000;\"><b>DJ603 (Comana) \u2013 Intersectie \u201cLebada\u201d \u2013 DJ412A (Gradistea) \u2013 DN5A (Falastoaca).<\/b><\/span><\/p>\n","protected":false},"excerpt":{"rendered":"<p>\u00cen perioada 16-25 august 2023<\/p>\n","protected":false},"author":1,"featured_media":0,"comment_status":"open","ping_status":"open","sticky":false,"template":"","format":"standard","meta":{"footnotes":""},"categories":[6],"tags":[],"class_list":["post-99475","post","type-post","status-publish","format-standard","hentry","category-breaking-news"],"_links":{"self":[{"href":"https:\/\/www.giurgiuveanul.ro\/stiri\/wp-json\/wp\/v2\/posts\/99475","targetHints":{"allow":["GET"]}}],"collection":[{"href":"https:\/\/www.giurgiuveanul.ro\/stiri\/wp-json\/wp\/v2\/posts"}],"about":[{"href":"https:\/\/www.giurgiuveanul.ro\/stiri\/wp-json\/wp\/v2\/types\/post"}],"author":[{"embeddable":true,"href":"https:\/\/www.giurgiuveanul.ro\/stiri\/wp-json\/wp\/v2\/users\/1"}],"replies":[{"embeddable":true,"href":"https:\/\/www.giurgiuveanul.ro\/stiri\/wp-json\/wp\/v2\/comments?post=99475"}],"version-history":[{"count":0,"href":"https:\/\/www.giurgiuveanul.ro\/stiri\/wp-json\/wp\/v2\/posts\/99475\/revisions"}],"wp:attachment":[{"href":"https:\/\/www.giurgiuveanul.ro\/stiri\/wp-json\/wp\/v2\/media?parent=99475"}],"wp:term":[{"taxonomy":"category","embeddable":true,"href":"https:\/\/www.giurgiuveanul.ro\/stiri\/wp-json\/wp\/v2\/categories?post=99475"},{"taxonomy":"post_tag","embeddable":true,"href":"https:\/\/www.giurgiuveanul.ro\/stiri\/wp-json\/wp\/v2\/tags?post=99475"}],"curies":[{"name":"wp","href":"https:\/\/api.w.org\/{rel}","templated":true}]}}