{"id":99481,"date":"2023-08-14T17:30:37","date_gmt":"2023-08-14T14:30:37","guid":{"rendered":"https:\/\/www.giurgiuveanul.ro\/stiri\/?p=99481"},"modified":"2023-08-14T17:30:37","modified_gmt":"2023-08-14T14:30:37","slug":"in-aceasta-seara-luis-gabriel-concert-live-la-balciul-de-sfanta-maria-in-giurgiu","status":"publish","type":"post","link":"https:\/\/www.giurgiuveanul.ro\/stiri\/in-aceasta-seara-luis-gabriel-concert-live-la-balciul-de-sfanta-maria-in-giurgiu\/","title":{"rendered":"\u00cen aceast\u0103 sear\u0103, Luis Gabriel &#8211; concert live la B\u00e2lciul de \u201eSf\u00e2nta Maria\u201d, \u00een Giurgiu!"},"content":{"rendered":"<p style=\"text-align: justify;\"><a href=\"https:\/\/www.giurgiuveanul.ro\/stiri\/wp-content\/uploads\/2023\/08\/luis-gabrieal-e1688642832841.jpg\"><img loading=\"lazy\" decoding=\"async\" class=\"aligncenter  wp-image-99482\" src=\"https:\/\/www.giurgiuveanul.ro\/stiri\/wp-content\/uploads\/2023\/08\/luis-gabrieal-e1688642832841-560x394.jpg\" alt=\"\" width=\"576\" height=\"405\" srcset=\"https:\/\/www.giurgiuveanul.ro\/stiri\/wp-content\/uploads\/2023\/08\/luis-gabrieal-e1688642832841-560x394.jpg 560w, https:\/\/www.giurgiuveanul.ro\/stiri\/wp-content\/uploads\/2023\/08\/luis-gabrieal-e1688642832841-250x176.jpg 250w, https:\/\/www.giurgiuveanul.ro\/stiri\/wp-content\/uploads\/2023\/08\/luis-gabrieal-e1688642832841-768x541.jpg 768w, https:\/\/www.giurgiuveanul.ro\/stiri\/wp-content\/uploads\/2023\/08\/luis-gabrieal-e1688642832841-400x282.jpg 400w, https:\/\/www.giurgiuveanul.ro\/stiri\/wp-content\/uploads\/2023\/08\/luis-gabrieal-e1688642832841.jpg 1534w\" sizes=\"auto, (max-width: 576px) 100vw, 576px\" \/><\/a>Organizatorii evenimentului prilejuit de<!--more--> s\u0103rb\u0103toarea Sfintei Marii reamintesc faptul c\u0103 parcul de distrac\u021bii este deschis publicului p\u00e2n\u0103 mar\u021bi 15 august, inclusiv,\u00a0 \u00eencep\u00e2nd cu ora 10:00.<\/p>\n<p style=\"text-align: justify;\">Ast\u0103zi, 14 august 2023, interval orar 19:30 &#8211; 23:00, vor concerta: \u00a0Pianistul, Polly \u015fi <strong>Luis Gabriel<\/strong>.<\/p>\n<p style=\"text-align: justify;\">Intrarea este liber\u0103.<\/p>\n","protected":false},"excerpt":{"rendered":"<p>Organizatorii evenimentului prilejuit de<\/p>\n","protected":false},"author":1,"featured_media":0,"comment_status":"open","ping_status":"open","sticky":false,"template":"","format":"standard","meta":{"footnotes":""},"categories":[6],"tags":[],"class_list":["post-99481","post","type-post","status-publish","format-standard","hentry","category-breaking-news"],"_links":{"self":[{"href":"https:\/\/www.giurgiuveanul.ro\/stiri\/wp-json\/wp\/v2\/posts\/99481","targetHints":{"allow":["GET"]}}],"collection":[{"href":"https:\/\/www.giurgiuveanul.ro\/stiri\/wp-json\/wp\/v2\/posts"}],"about":[{"href":"https:\/\/www.giurgiuveanul.ro\/stiri\/wp-json\/wp\/v2\/types\/post"}],"author":[{"embeddable":true,"href":"https:\/\/www.giurgiuveanul.ro\/stiri\/wp-json\/wp\/v2\/users\/1"}],"replies":[{"embeddable":true,"href":"https:\/\/www.giurgiuveanul.ro\/stiri\/wp-json\/wp\/v2\/comments?post=99481"}],"version-history":[{"count":0,"href":"https:\/\/www.giurgiuveanul.ro\/stiri\/wp-json\/wp\/v2\/posts\/99481\/revisions"}],"wp:attachment":[{"href":"https:\/\/www.giurgiuveanul.ro\/stiri\/wp-json\/wp\/v2\/media?parent=99481"}],"wp:term":[{"taxonomy":"category","embeddable":true,"href":"https:\/\/www.giurgiuveanul.ro\/stiri\/wp-json\/wp\/v2\/categories?post=99481"},{"taxonomy":"post_tag","embeddable":true,"href":"https:\/\/www.giurgiuveanul.ro\/stiri\/wp-json\/wp\/v2\/tags?post=99481"}],"curies":[{"name":"wp","href":"https:\/\/api.w.org\/{rel}","templated":true}]}}