{"id":99484,"date":"2023-08-15T14:22:23","date_gmt":"2023-08-15T11:22:23","guid":{"rendered":"https:\/\/www.giurgiuveanul.ro\/stiri\/?p=99484"},"modified":"2023-08-15T14:22:23","modified_gmt":"2023-08-15T11:22:23","slug":"inspectoratul-de-politie-judetean-giurgiu-infractiuni-rutiere-constatate-de-politisti-in-ultimele-24-de-ore","status":"publish","type":"post","link":"https:\/\/www.giurgiuveanul.ro\/stiri\/inspectoratul-de-politie-judetean-giurgiu-infractiuni-rutiere-constatate-de-politisti-in-ultimele-24-de-ore\/","title":{"rendered":"Inspectoratul de Poli\u0163ie Jude\u0163ean Giurgiu. Infrac\u021biuni rutiere constatate de poli\u0163i\u015fti, \u00een ultimele 24 de ore"},"content":{"rendered":"<p style=\"text-align: justify;\"><a href=\"https:\/\/www.giurgiuveanul.ro\/stiri\/wp-content\/uploads\/2023\/07\/thumbnail-13.jpeg\"><img loading=\"lazy\" decoding=\"async\" class=\"aligncenter  wp-image-99191\" src=\"https:\/\/www.giurgiuveanul.ro\/stiri\/wp-content\/uploads\/2023\/07\/thumbnail-13-560x408.jpeg\" alt=\"\" width=\"575\" height=\"419\" srcset=\"https:\/\/www.giurgiuveanul.ro\/stiri\/wp-content\/uploads\/2023\/07\/thumbnail-13-560x408.jpeg 560w, https:\/\/www.giurgiuveanul.ro\/stiri\/wp-content\/uploads\/2023\/07\/thumbnail-13-250x182.jpeg 250w, https:\/\/www.giurgiuveanul.ro\/stiri\/wp-content\/uploads\/2023\/07\/thumbnail-13-768x559.jpeg 768w, https:\/\/www.giurgiuveanul.ro\/stiri\/wp-content\/uploads\/2023\/07\/thumbnail-13-400x291.jpeg 400w, https:\/\/www.giurgiuveanul.ro\/stiri\/wp-content\/uploads\/2023\/07\/thumbnail-13.jpeg 857w\" sizes=\"auto, (max-width: 575px) 100vw, 575px\" \/><\/a>La data de<!--more--> 14 august a.c., ora 01.30, poli\u021bi\u0219tii giurgiuveni au depistat, pe D.C. 148, din jude\u021bul Giurgiu, un t\u00e2n\u0103r, de 18 de ani, din localitatea Ghimpa\u021bi, \u00een timp ce conducea un autoturism, f\u0103r\u0103 a poseda permis de conducere pentru nicio categorie de vehicule.<\/p>\n<p style=\"text-align: justify;\">\n<p style=\"text-align: justify;\">Autoturismul i-a fost \u00eencredin\u021bat, spre a fi condus, de c\u0103tre un t\u00e2n\u0103r, de 22 de ani, din localitatea Petr\u0103chioaia, jude\u021bul Ilfov, care cuno\u0219tea faptul c\u0103, acesta nu posed\u0103 permis de conducere.<\/p>\n<p style=\"text-align: justify;\">\n<p style=\"text-align: justify;\">\u00cen cauz\u0103, s-a \u00eentocmit dosar penal sub aspectul s\u0103v\u00e2r\u0219irii infrac\u021biunilor de conducerea unui vehicul pe drumurile publice f\u0103r\u0103 permis de conducere \u015fi \u00eencredin\u021barea unui vehicul pentru conducerea pe drumurile publice unei persoane care nu de\u021bine permis de conducere.<\/p>\n<p style=\"text-align: justify;\">\n<p style=\"text-align: justify;\"><strong>***<\/strong><\/p>\n<p style=\"text-align: justify;\">La data de 14 august a.c., ora 13.19, poli\u021bi\u0219tii giurgiuveni, \u00een timp ce se aflau \u00een exercitarea atribu\u021biilor de serviciu, pe D.N.6, \u00een localitatea Mih\u0103ile\u0219ti au oprit pentru control un autoturism, condus de c\u0103tre un b\u0103rbat, de 55 de ani, din localitatea Stoene\u0219ti, jude\u021bul Giurgiu<\/p>\n<p style=\"text-align: justify;\">\n<p style=\"text-align: justify;\">\u00cen urma verific\u0103rilor efectuate \u00een baza de date, s-a constatat faptul c\u0103 acesta are dreptul de conduce vehicule suspendat.<\/p>\n<p style=\"text-align: justify;\">\n<p style=\"text-align: justify;\">\u00cen cauz\u0103, a fost \u00eentocmit dosar penal sub aspectul s\u0103v\u00e2r\u0219irii infrac\u0163iunii de conducerea unui vehicul f\u0103r\u0103 a poseda permis de conducere<strong>.<\/strong><\/p>\n<p style=\"text-align: justify;\">\n<p style=\"text-align: justify;\">***<\/p>\n<p style=\"text-align: justify;\">La data de 14 august a.c., ora 16.40, pe strada Principal\u0103, din localitatea Ogrezeni, jude\u021bul Giurgiu, a fost depistat, un t\u00e2n\u0103r, de 21de ani, din aceea\u0219i localitate \u00een timp ce conducea un autoturism, f\u0103r\u0103 a poseda permis de conducere pentru nicio categorie de vehicule.<\/p>\n<p style=\"text-align: justify;\">\n<p style=\"text-align: justify;\">\u00cen cauz\u0103, a fost \u00eentocmit dosar penal sub aspectul s\u0103v\u00e2r\u0219irii infractiunii de conducerea pe drumurile publice a unui vehicul f\u0103r\u0103 a poseda permis de conducere.<\/p>\n<p style=\"text-align: justify;\">\n<p style=\"text-align: justify;\">***<\/p>\n<p style=\"text-align: justify;\">La data de 14 august a.c., ora 16.52, pe strada Viilor, din localitatea Remu\u0219, jude\u021bul Giurgiu, a fost depistat, un t\u00e2n\u0103r, de 23 de ani, din aceea\u0219i localitate \u00een timp ce conducea un autoturism, f\u0103r\u0103 a poseda permis de conducere pentru nicio categorie de vehicule.<\/p>\n<p style=\"text-align: justify;\">\n<p style=\"text-align: justify;\">\u00cen cauz\u0103, a fost \u00eentocmit dosar penal sub aspectul s\u0103v\u00e2r\u0219irii infractiunii de conducerea pe drumurile publice a unui vehicul f\u0103r\u0103 a poseda permis de conducere.<\/p>\n<p style=\"text-align: justify;\">\n<p style=\"text-align: justify;\">***<\/p>\n<p style=\"text-align: justify;\">\n<p style=\"text-align: justify;\">La data de 14 august a.c., ora 22.50, \u00een localitatea Bolintin Vale, jude\u021bul Giurgiu, poli\u021bi\u0219tii giurgiuveni au depistat un b\u0103rbat, de 32 de ani, din localitatea Ciorog\u00e2rla, jude\u021bul Ilfov, \u00een timp ce conducea un autoturism, afl\u00e2ndu-se sub influen\u021ba b\u0103uturilor alcoolice.<\/p>\n<p style=\"text-align: justify;\">\n<p style=\"text-align: justify;\">Conduc\u0103torul auto a fost testat cu aparatul drager, care a indicat valoarea de 0,61 mg\/l alcool pur \u00een aerul expirat, fiind condus la spital, pentru recoltarea probelor biologice de s\u00e2nge, \u00een vederea stabilirii alcoolemiei.<\/p>\n<p style=\"text-align: justify;\">\n<p style=\"text-align: justify;\">\u00cen cauz\u0103, a fost \u00eentocmit un dosar penal sub aspectul s\u0103v\u00e2r\u0219irii infrac\u021biunii de conducerea unui vehicul sub influen\u021ba b\u0103uturilor alcoolice sau a altor substan\u021be.<\/p>\n","protected":false},"excerpt":{"rendered":"<p>La data de<\/p>\n","protected":false},"author":1,"featured_media":0,"comment_status":"open","ping_status":"open","sticky":false,"template":"","format":"standard","meta":{"footnotes":""},"categories":[6],"tags":[],"class_list":["post-99484","post","type-post","status-publish","format-standard","hentry","category-breaking-news"],"_links":{"self":[{"href":"https:\/\/www.giurgiuveanul.ro\/stiri\/wp-json\/wp\/v2\/posts\/99484","targetHints":{"allow":["GET"]}}],"collection":[{"href":"https:\/\/www.giurgiuveanul.ro\/stiri\/wp-json\/wp\/v2\/posts"}],"about":[{"href":"https:\/\/www.giurgiuveanul.ro\/stiri\/wp-json\/wp\/v2\/types\/post"}],"author":[{"embeddable":true,"href":"https:\/\/www.giurgiuveanul.ro\/stiri\/wp-json\/wp\/v2\/users\/1"}],"replies":[{"embeddable":true,"href":"https:\/\/www.giurgiuveanul.ro\/stiri\/wp-json\/wp\/v2\/comments?post=99484"}],"version-history":[{"count":0,"href":"https:\/\/www.giurgiuveanul.ro\/stiri\/wp-json\/wp\/v2\/posts\/99484\/revisions"}],"wp:attachment":[{"href":"https:\/\/www.giurgiuveanul.ro\/stiri\/wp-json\/wp\/v2\/media?parent=99484"}],"wp:term":[{"taxonomy":"category","embeddable":true,"href":"https:\/\/www.giurgiuveanul.ro\/stiri\/wp-json\/wp\/v2\/categories?post=99484"},{"taxonomy":"post_tag","embeddable":true,"href":"https:\/\/www.giurgiuveanul.ro\/stiri\/wp-json\/wp\/v2\/tags?post=99484"}],"curies":[{"name":"wp","href":"https:\/\/api.w.org\/{rel}","templated":true}]}}