{"id":99486,"date":"2023-08-15T18:08:26","date_gmt":"2023-08-15T15:08:26","guid":{"rendered":"https:\/\/www.giurgiuveanul.ro\/stiri\/?p=99486"},"modified":"2023-08-15T18:13:07","modified_gmt":"2023-08-15T15:13:07","slug":"noua-capela-de-la-baneasa-ce-va-deveni-centru-cultural-misionar-sfintita-astazi-de-preasfintitul-parinte-ambrozie-episcopul-giurgiului-foto","status":"publish","type":"post","link":"https:\/\/www.giurgiuveanul.ro\/stiri\/noua-capela-de-la-baneasa-ce-va-deveni-centru-cultural-misionar-sfintita-astazi-de-preasfintitul-parinte-ambrozie-episcopul-giurgiului-foto\/","title":{"rendered":"Noua Capel\u0103 de la B\u0103neasa, ce va deveni Centru Cultural-Misionar, sfin\u021bit\u0103, ast\u0103zi, de Preasfin\u0163itul P\u0103rinte Ambrozie, Episcopul Giurgiului (FOTO)"},"content":{"rendered":"<p style=\"text-align: justify;\"><strong><a href=\"https:\/\/www.giurgiuveanul.ro\/stiri\/wp-content\/uploads\/2023\/08\/1-6.jpg\"><img loading=\"lazy\" decoding=\"async\" class=\"aligncenter wp-image-99487\" src=\"https:\/\/www.giurgiuveanul.ro\/stiri\/wp-content\/uploads\/2023\/08\/1-6-560x353.jpg\" alt=\"\" width=\"579\" height=\"365\" srcset=\"https:\/\/www.giurgiuveanul.ro\/stiri\/wp-content\/uploads\/2023\/08\/1-6-560x353.jpg 560w, https:\/\/www.giurgiuveanul.ro\/stiri\/wp-content\/uploads\/2023\/08\/1-6-250x158.jpg 250w, https:\/\/www.giurgiuveanul.ro\/stiri\/wp-content\/uploads\/2023\/08\/1-6-768x484.jpg 768w, https:\/\/www.giurgiuveanul.ro\/stiri\/wp-content\/uploads\/2023\/08\/1-6-1536x968.jpg 1536w, https:\/\/www.giurgiuveanul.ro\/stiri\/wp-content\/uploads\/2023\/08\/1-6-400x252.jpg 400w, https:\/\/www.giurgiuveanul.ro\/stiri\/wp-content\/uploads\/2023\/08\/1-6.jpg 2048w\" sizes=\"auto, (max-width: 579px) 100vw, 579px\" \/><\/a>Preasfin\u0163itul P\u0103rinte Dr. Ambrozie, Episcopul Giurgiului, a<!--more--> sfin\u021bit ast\u0103zi, 15 august, noua Capel\u0103 de la B\u0103neasa, care va deveni \u00a0un nou Centru Cultural-Misionar.<\/strong><\/p>\n<p><a href=\"https:\/\/www.giurgiuveanul.ro\/stiri\/wp-content\/uploads\/2023\/08\/6-1.jpeg\"><img loading=\"lazy\" decoding=\"async\" class=\"aligncenter  wp-image-99496\" src=\"https:\/\/www.giurgiuveanul.ro\/stiri\/wp-content\/uploads\/2023\/08\/6-1-456x450.jpeg\" alt=\"\" width=\"578\" height=\"570\" srcset=\"https:\/\/www.giurgiuveanul.ro\/stiri\/wp-content\/uploads\/2023\/08\/6-1-456x450.jpeg 456w, https:\/\/www.giurgiuveanul.ro\/stiri\/wp-content\/uploads\/2023\/08\/6-1-250x247.jpeg 250w, https:\/\/www.giurgiuveanul.ro\/stiri\/wp-content\/uploads\/2023\/08\/6-1-768x758.jpeg 768w, https:\/\/www.giurgiuveanul.ro\/stiri\/wp-content\/uploads\/2023\/08\/6-1-1536x1516.jpeg 1536w, https:\/\/www.giurgiuveanul.ro\/stiri\/wp-content\/uploads\/2023\/08\/6-1-400x395.jpeg 400w, https:\/\/www.giurgiuveanul.ro\/stiri\/wp-content\/uploads\/2023\/08\/6-1.jpeg 1600w\" sizes=\"auto, (max-width: 578px) 100vw, 578px\" \/><\/a><\/p>\n<p style=\"text-align: justify;\">La slujba religioas\u0103 au participat <strong>Preacuviosul P\u0103rinte Arhimandrit Dr. Teodor \u015eerban<\/strong>, Vicarul Episcopiei Giurgiului, un sobor de preo\u0163i \u015fi diaconi, al\u0163i membrii ai Administra\u0163iei Episcopale, dar \u0219i slujitori ai altarelor din aceast\u0103 zon\u0103.<\/p>\n<p><a href=\"https:\/\/www.giurgiuveanul.ro\/stiri\/wp-content\/uploads\/2023\/08\/2.jpeg\"><img loading=\"lazy\" decoding=\"async\" class=\"aligncenter  wp-image-99490\" src=\"https:\/\/www.giurgiuveanul.ro\/stiri\/wp-content\/uploads\/2023\/08\/2-560x292.jpeg\" alt=\"\" width=\"573\" height=\"299\" srcset=\"https:\/\/www.giurgiuveanul.ro\/stiri\/wp-content\/uploads\/2023\/08\/2-560x292.jpeg 560w, https:\/\/www.giurgiuveanul.ro\/stiri\/wp-content\/uploads\/2023\/08\/2-250x130.jpeg 250w, https:\/\/www.giurgiuveanul.ro\/stiri\/wp-content\/uploads\/2023\/08\/2-768x400.jpeg 768w, https:\/\/www.giurgiuveanul.ro\/stiri\/wp-content\/uploads\/2023\/08\/2-1536x801.jpeg 1536w, https:\/\/www.giurgiuveanul.ro\/stiri\/wp-content\/uploads\/2023\/08\/2-400x209.jpeg 400w, https:\/\/www.giurgiuveanul.ro\/stiri\/wp-content\/uploads\/2023\/08\/2.jpeg 1600w\" sizes=\"auto, (max-width: 573px) 100vw, 573px\" \/><\/a><\/p>\n<p style=\"text-align: justify;\">De asemenea, liderul PNL Giurgiu, <strong>europarlamentarul Dan Motreanu,<\/strong> al\u0103turi de <strong>deputa\u0163ii Alexandru Andrei \u015fi Gabriela Maria Horga<\/strong>, precum \u015fi <strong>pre\u015fedintele Consiliului Jude\u0163ean Giurgiu, Dumitru Beianu<\/strong>, au fost invita\u0163ii <strong>primarului comunei B\u0103neasa, Viorel Rotaru,<\/strong> amfitrionul acestui important eveniment spiritual din via\u0163a comunit\u0103\u0163ii de aici.<\/p>\n<p><a href=\"https:\/\/www.giurgiuveanul.ro\/stiri\/wp-content\/uploads\/2023\/08\/4.jpeg\"><img loading=\"lazy\" decoding=\"async\" class=\"aligncenter  wp-image-99491\" src=\"https:\/\/www.giurgiuveanul.ro\/stiri\/wp-content\/uploads\/2023\/08\/4-560x337.jpeg\" alt=\"\" width=\"570\" height=\"343\" srcset=\"https:\/\/www.giurgiuveanul.ro\/stiri\/wp-content\/uploads\/2023\/08\/4-560x337.jpeg 560w, https:\/\/www.giurgiuveanul.ro\/stiri\/wp-content\/uploads\/2023\/08\/4-250x151.jpeg 250w, https:\/\/www.giurgiuveanul.ro\/stiri\/wp-content\/uploads\/2023\/08\/4-768x463.jpeg 768w, https:\/\/www.giurgiuveanul.ro\/stiri\/wp-content\/uploads\/2023\/08\/4-1536x925.jpeg 1536w, https:\/\/www.giurgiuveanul.ro\/stiri\/wp-content\/uploads\/2023\/08\/4-400x241.jpeg 400w, https:\/\/www.giurgiuveanul.ro\/stiri\/wp-content\/uploads\/2023\/08\/4.jpeg 1600w\" sizes=\"auto, (max-width: 570px) 100vw, 570px\" \/><\/a><\/p>\n<p style=\"text-align: justify;\">Dup\u0103 Liturghia Arhiereasc\u0103, Preasfin\u0163itul P\u0103rinte Ambrozie a binecuv\u00e2ntat noua Capel\u0103 prin rug\u0103ciune \u015fi prin stropire cu ap\u0103 sfin\u0163it\u0103 \u015fi ungere cu Sf\u00e2ntul \u0219i Marele Mir.<\/p>\n<p><a href=\"https:\/\/www.giurgiuveanul.ro\/stiri\/wp-content\/uploads\/2023\/08\/5.jpeg\"><img loading=\"lazy\" decoding=\"async\" class=\"aligncenter  wp-image-99495\" src=\"https:\/\/www.giurgiuveanul.ro\/stiri\/wp-content\/uploads\/2023\/08\/5-558x450.jpeg\" alt=\"\" width=\"567\" height=\"457\" srcset=\"https:\/\/www.giurgiuveanul.ro\/stiri\/wp-content\/uploads\/2023\/08\/5-558x450.jpeg 558w, https:\/\/www.giurgiuveanul.ro\/stiri\/wp-content\/uploads\/2023\/08\/5-250x202.jpeg 250w, https:\/\/www.giurgiuveanul.ro\/stiri\/wp-content\/uploads\/2023\/08\/5-768x619.jpeg 768w, https:\/\/www.giurgiuveanul.ro\/stiri\/wp-content\/uploads\/2023\/08\/5-1536x1238.jpeg 1536w, https:\/\/www.giurgiuveanul.ro\/stiri\/wp-content\/uploads\/2023\/08\/5-400x323.jpeg 400w, https:\/\/www.giurgiuveanul.ro\/stiri\/wp-content\/uploads\/2023\/08\/5.jpeg 1600w\" sizes=\"auto, (max-width: 567px) 100vw, 567px\" \/><\/a><\/p>\n<p style=\"text-align: justify;\">La finalul Sfin\u0163irii noii Capele, Preasfin\u021bitul P\u0103rinte Ambrozie le-a adresat celor prezen\u021bi un g\u00e2nd duhovnicesc, felicit\u00e2ndu-l pe <strong>primarul Viorel Rotaru<\/strong> \u015fi pe to\u021bi cei care pun \u00een practic\u0103 faptele milei cre\u0219tine \u0219i s-au implicat \u00een construc\u0163ia noii Capele ce va deveni Centru Cultural-Misionar.<\/p>\n<p><a href=\"https:\/\/www.giurgiuveanul.ro\/stiri\/wp-content\/uploads\/2023\/08\/3.jpeg\"><img loading=\"lazy\" decoding=\"async\" class=\"aligncenter  wp-image-99492\" src=\"https:\/\/www.giurgiuveanul.ro\/stiri\/wp-content\/uploads\/2023\/08\/3-327x450.jpeg\" alt=\"\" width=\"568\" height=\"781\" srcset=\"https:\/\/www.giurgiuveanul.ro\/stiri\/wp-content\/uploads\/2023\/08\/3-327x450.jpeg 327w, https:\/\/www.giurgiuveanul.ro\/stiri\/wp-content\/uploads\/2023\/08\/3-218x300.jpeg 218w, https:\/\/www.giurgiuveanul.ro\/stiri\/wp-content\/uploads\/2023\/08\/3-768x1058.jpeg 768w, https:\/\/www.giurgiuveanul.ro\/stiri\/wp-content\/uploads\/2023\/08\/3-1115x1536.jpeg 1115w, https:\/\/www.giurgiuveanul.ro\/stiri\/wp-content\/uploads\/2023\/08\/3-400x551.jpeg 400w\" sizes=\"auto, (max-width: 568px) 100vw, 568px\" \/><\/a> <a href=\"https:\/\/www.giurgiuveanul.ro\/stiri\/wp-content\/uploads\/2023\/08\/7.jpeg\"><img loading=\"lazy\" decoding=\"async\" class=\"aligncenter  wp-image-99493\" src=\"https:\/\/www.giurgiuveanul.ro\/stiri\/wp-content\/uploads\/2023\/08\/7-560x339.jpeg\" alt=\"\" width=\"565\" height=\"342\" srcset=\"https:\/\/www.giurgiuveanul.ro\/stiri\/wp-content\/uploads\/2023\/08\/7-560x339.jpeg 560w, https:\/\/www.giurgiuveanul.ro\/stiri\/wp-content\/uploads\/2023\/08\/7-250x151.jpeg 250w, https:\/\/www.giurgiuveanul.ro\/stiri\/wp-content\/uploads\/2023\/08\/7-768x465.jpeg 768w, https:\/\/www.giurgiuveanul.ro\/stiri\/wp-content\/uploads\/2023\/08\/7-1536x930.jpeg 1536w, https:\/\/www.giurgiuveanul.ro\/stiri\/wp-content\/uploads\/2023\/08\/7-400x242.jpeg 400w, https:\/\/www.giurgiuveanul.ro\/stiri\/wp-content\/uploads\/2023\/08\/7.jpeg 1600w\" sizes=\"auto, (max-width: 565px) 100vw, 565px\" \/><\/a> <a href=\"https:\/\/www.giurgiuveanul.ro\/stiri\/wp-content\/uploads\/2023\/08\/8.jpeg\"><img loading=\"lazy\" decoding=\"async\" class=\"aligncenter  wp-image-99494\" src=\"https:\/\/www.giurgiuveanul.ro\/stiri\/wp-content\/uploads\/2023\/08\/8-560x327.jpeg\" alt=\"\" width=\"565\" height=\"330\" srcset=\"https:\/\/www.giurgiuveanul.ro\/stiri\/wp-content\/uploads\/2023\/08\/8-560x327.jpeg 560w, https:\/\/www.giurgiuveanul.ro\/stiri\/wp-content\/uploads\/2023\/08\/8-250x146.jpeg 250w, https:\/\/www.giurgiuveanul.ro\/stiri\/wp-content\/uploads\/2023\/08\/8-768x448.jpeg 768w, https:\/\/www.giurgiuveanul.ro\/stiri\/wp-content\/uploads\/2023\/08\/8-1536x896.jpeg 1536w, https:\/\/www.giurgiuveanul.ro\/stiri\/wp-content\/uploads\/2023\/08\/8-400x233.jpeg 400w, https:\/\/www.giurgiuveanul.ro\/stiri\/wp-content\/uploads\/2023\/08\/8.jpeg 1600w\" sizes=\"auto, (max-width: 565px) 100vw, 565px\" \/><\/a><\/p>\n<p style=\"text-align: justify;\">Cu acest prilej, edilul-\u015fef Viorel Rotaru a primit o <strong>diplom\u0103 de recuno\u015ftin\u0163\u0103<\/strong> din partea Episcopului de Giurgiu, Preasfin\u0163itul P\u0103rinte Dr. Ambrozie, iar invita\u0163ii s\u0103i de la jude\u0163 \u015fi de la PNL au primit icoane de la \u00cent\u00e2ist\u0103t\u0103torul Eparhiei noastre.<\/p>\n<p style=\"text-align: justify;\">Gazdele au oferit o agap\u0103, care a \u00eencheiat aceast\u0103 s\u0103rb\u0103toare important\u0103 a Ortodoxiei dar \u015fi a comunit\u0103\u0163ii locale.<\/p>\n","protected":false},"excerpt":{"rendered":"<p>Preasfin\u0163itul P\u0103rinte Dr. Ambrozie, Episcopul Giurgiului, a<\/p>\n","protected":false},"author":1,"featured_media":0,"comment_status":"open","ping_status":"open","sticky":false,"template":"","format":"standard","meta":{"footnotes":""},"categories":[6],"tags":[],"class_list":["post-99486","post","type-post","status-publish","format-standard","hentry","category-breaking-news"],"_links":{"self":[{"href":"https:\/\/www.giurgiuveanul.ro\/stiri\/wp-json\/wp\/v2\/posts\/99486","targetHints":{"allow":["GET"]}}],"collection":[{"href":"https:\/\/www.giurgiuveanul.ro\/stiri\/wp-json\/wp\/v2\/posts"}],"about":[{"href":"https:\/\/www.giurgiuveanul.ro\/stiri\/wp-json\/wp\/v2\/types\/post"}],"author":[{"embeddable":true,"href":"https:\/\/www.giurgiuveanul.ro\/stiri\/wp-json\/wp\/v2\/users\/1"}],"replies":[{"embeddable":true,"href":"https:\/\/www.giurgiuveanul.ro\/stiri\/wp-json\/wp\/v2\/comments?post=99486"}],"version-history":[{"count":0,"href":"https:\/\/www.giurgiuveanul.ro\/stiri\/wp-json\/wp\/v2\/posts\/99486\/revisions"}],"wp:attachment":[{"href":"https:\/\/www.giurgiuveanul.ro\/stiri\/wp-json\/wp\/v2\/media?parent=99486"}],"wp:term":[{"taxonomy":"category","embeddable":true,"href":"https:\/\/www.giurgiuveanul.ro\/stiri\/wp-json\/wp\/v2\/categories?post=99486"},{"taxonomy":"post_tag","embeddable":true,"href":"https:\/\/www.giurgiuveanul.ro\/stiri\/wp-json\/wp\/v2\/tags?post=99486"}],"curies":[{"name":"wp","href":"https:\/\/api.w.org\/{rel}","templated":true}]}}