{"id":99502,"date":"2023-08-16T17:30:39","date_gmt":"2023-08-16T14:30:39","guid":{"rendered":"https:\/\/www.giurgiuveanul.ro\/stiri\/?p=99502"},"modified":"2023-08-16T17:30:39","modified_gmt":"2023-08-16T14:30:39","slug":"sase-localitati-giurgiuvene-oinacu-branistea-clejani-valea-dragului-plopsoru-si-daita-vor-ramane-joi-17-august-fara-curent-electric-care-sunt-strazile-vizate-vezi-aici","status":"publish","type":"post","link":"https:\/\/www.giurgiuveanul.ro\/stiri\/sase-localitati-giurgiuvene-oinacu-branistea-clejani-valea-dragului-plopsoru-si-daita-vor-ramane-joi-17-august-fara-curent-electric-care-sunt-strazile-vizate-vezi-aici\/","title":{"rendered":"\u015ease localit\u0103\u0163i giurgiuvene: Oinacu, Brani\u015ftea, Clejani, Valea Dragului, Plop\u015foru \u015fi D\u0103i\u0163a vor r\u0103m\u00e2ne joi, 17 august, f\u0103r\u0103 curent electric! Care sunt str\u0103zile vizate VEZI AICI"},"content":{"rendered":"<p style=\"text-align: justify;\"><strong><a href=\"https:\/\/www.giurgiuveanul.ro\/stiri\/wp-content\/uploads\/2023\/08\/E-Distributie-intreruperi-social.png\"><img loading=\"lazy\" decoding=\"async\" class=\"aligncenter  wp-image-99396\" src=\"https:\/\/www.giurgiuveanul.ro\/stiri\/wp-content\/uploads\/2023\/08\/E-Distributie-intreruperi-social-560x315.png\" alt=\"\" width=\"571\" height=\"321\" srcset=\"https:\/\/www.giurgiuveanul.ro\/stiri\/wp-content\/uploads\/2023\/08\/E-Distributie-intreruperi-social-560x315.png 560w, https:\/\/www.giurgiuveanul.ro\/stiri\/wp-content\/uploads\/2023\/08\/E-Distributie-intreruperi-social-250x141.png 250w, https:\/\/www.giurgiuveanul.ro\/stiri\/wp-content\/uploads\/2023\/08\/E-Distributie-intreruperi-social-400x225.png 400w, https:\/\/www.giurgiuveanul.ro\/stiri\/wp-content\/uploads\/2023\/08\/E-Distributie-intreruperi-social.png 666w\" sizes=\"auto, (max-width: 571px) 100vw, 571px\" \/><\/a>E-Distribu\u0163ie Muntenia<\/strong><!--more--> a redus pe c\u00e2t posibil num\u0103rul \u00eentreruperilor programate pentru buna administrare \u0219i func\u021bionare a re\u021belei de distribu\u021bie a energiei electrice, pentru a minimiza disconfortul clien\u021bilor. Lucr\u0103rile au fost reduse la cele care sunt necesare. Regret\u0103m nepl\u0103cerile resim\u021bite de clien\u021bi \u00een cazurile \u00een care aceste lucr\u0103ri, efectuate pentru a preveni eventuale probleme \u00een alimentare, perturb\u0103 temporar activit\u0103\u021bile acestora.<\/p>\n<p style=\"text-align: justify;\">Urm\u0103toarele \u00eentreruperi se vor realiza pentru a asigura capacitatea re\u021belei de a func\u021biona \u0219i alimenta clien\u021bii \u00een bune condi\u021bii.<\/p>\n<table width=\"100%\">\n<tbody>\n<tr>\n<td width=\"15%\"><strong>Ziua \/ Data<\/strong><\/td>\n<td>\n<table width=\"100%\">\n<tbody>\n<tr>\n<td><strong>Localitatea, strada afectata<\/strong><\/td>\n<td width=\"15%\"><strong>Orar<\/strong><\/td>\n<\/tr>\n<\/tbody>\n<\/table>\n<\/td>\n<\/tr>\n<tr>\n<td width=\"15%\">Joi , 17 august 2023<\/td>\n<td>\n<table width=\"100%\">\n<tbody>\n<tr>\n<td><strong><span style=\"color: #ff0000;\">Oinacu<\/span><\/strong>, str Centurii str Viilor<\/td>\n<td width=\"15%\">08:30 &#8211; 16:30<\/td>\n<\/tr>\n<tr>\n<td><strong><span style=\"color: #ff0000;\">Brani\u015ftea,<\/span><\/strong> DJ 507 str Lautarilor str Florilor str Sobarilor str Pescarilor<\/td>\n<td width=\"15%\">08:30 &#8211; 16:30<\/td>\n<\/tr>\n<tr>\n<td><strong><span style=\"color: #ff0000;\">Clejani,<\/span><\/strong> Strada Primariei<\/td>\n<td width=\"15%\">09:00 &#8211; 17:00<\/td>\n<\/tr>\n<tr>\n<td><strong><span style=\"color: #ff0000;\">Valea Dragului,<\/span><\/strong> Principala,Rozelor,Zugravului,Dreptatii,Toporasilor,Lunca Argesului si strazi adiacente.<\/td>\n<td width=\"15%\">09:00 &#8211; 17:00<\/td>\n<\/tr>\n<tr>\n<td><strong><span style=\"color: #ff0000;\">Plop\u015foru,<\/span><\/strong> str Caisului str Marului str Corcodusului<\/td>\n<td width=\"15%\">10:00 &#8211; 18:00<\/td>\n<\/tr>\n<tr>\n<td><strong><span style=\"color: #ff0000;\">D\u0103i\u0163a,<\/span> <\/strong>str Bradului str Molidului str Consilier Marian Toma sos Oltenitei str Artarului<\/td>\n<td width=\"15%\">10:00 &#8211; 18:00<\/td>\n<\/tr>\n<\/tbody>\n<\/table>\n<\/td>\n<\/tr>\n<\/tbody>\n<\/table>\n","protected":false},"excerpt":{"rendered":"<p>E-Distribu\u0163ie Muntenia<\/p>\n","protected":false},"author":1,"featured_media":0,"comment_status":"open","ping_status":"open","sticky":false,"template":"","format":"standard","meta":{"footnotes":""},"categories":[6],"tags":[],"class_list":["post-99502","post","type-post","status-publish","format-standard","hentry","category-breaking-news"],"_links":{"self":[{"href":"https:\/\/www.giurgiuveanul.ro\/stiri\/wp-json\/wp\/v2\/posts\/99502","targetHints":{"allow":["GET"]}}],"collection":[{"href":"https:\/\/www.giurgiuveanul.ro\/stiri\/wp-json\/wp\/v2\/posts"}],"about":[{"href":"https:\/\/www.giurgiuveanul.ro\/stiri\/wp-json\/wp\/v2\/types\/post"}],"author":[{"embeddable":true,"href":"https:\/\/www.giurgiuveanul.ro\/stiri\/wp-json\/wp\/v2\/users\/1"}],"replies":[{"embeddable":true,"href":"https:\/\/www.giurgiuveanul.ro\/stiri\/wp-json\/wp\/v2\/comments?post=99502"}],"version-history":[{"count":0,"href":"https:\/\/www.giurgiuveanul.ro\/stiri\/wp-json\/wp\/v2\/posts\/99502\/revisions"}],"wp:attachment":[{"href":"https:\/\/www.giurgiuveanul.ro\/stiri\/wp-json\/wp\/v2\/media?parent=99502"}],"wp:term":[{"taxonomy":"category","embeddable":true,"href":"https:\/\/www.giurgiuveanul.ro\/stiri\/wp-json\/wp\/v2\/categories?post=99502"},{"taxonomy":"post_tag","embeddable":true,"href":"https:\/\/www.giurgiuveanul.ro\/stiri\/wp-json\/wp\/v2\/tags?post=99502"}],"curies":[{"name":"wp","href":"https:\/\/api.w.org\/{rel}","templated":true}]}}