{"id":99514,"date":"2023-08-17T10:38:43","date_gmt":"2023-08-17T07:38:43","guid":{"rendered":"https:\/\/www.giurgiuveanul.ro\/stiri\/?p=99514"},"modified":"2023-08-17T10:39:24","modified_gmt":"2023-08-17T07:39:24","slug":"liderul-liberalilor-giurgiuveni-europarlamentarul-dan-motreanu-lucrarile-pentru-redeschiderea-liniei-de-tren-directe-bucuresti-giurgiu-s-au-efectuat-in-proportie-de-75","status":"publish","type":"post","link":"https:\/\/www.giurgiuveanul.ro\/stiri\/liderul-liberalilor-giurgiuveni-europarlamentarul-dan-motreanu-lucrarile-pentru-redeschiderea-liniei-de-tren-directe-bucuresti-giurgiu-s-au-efectuat-in-proportie-de-75\/","title":{"rendered":"Liderul liberalilor giurgiuveni, europarlamentarul Dan Motreanu: \u201eLucr\u0103rile pentru redeschiderea liniei de tren directe Bucure\u0219ti-Giurgiu s-au efectuat \u00een propor\u021bie de 75%\u201d"},"content":{"rendered":"<p style=\"text-align: justify;\"><a href=\"https:\/\/www.giurgiuveanul.ro\/stiri\/wp-content\/uploads\/2023\/08\/Dan-Motreanu.jpg\"><img loading=\"lazy\" decoding=\"async\" class=\"aligncenter wp-image-99515\" src=\"https:\/\/www.giurgiuveanul.ro\/stiri\/wp-content\/uploads\/2023\/08\/Dan-Motreanu-560x406.jpg\" alt=\"\" width=\"575\" height=\"417\" srcset=\"https:\/\/www.giurgiuveanul.ro\/stiri\/wp-content\/uploads\/2023\/08\/Dan-Motreanu-560x406.jpg 560w, https:\/\/www.giurgiuveanul.ro\/stiri\/wp-content\/uploads\/2023\/08\/Dan-Motreanu-250x181.jpg 250w, https:\/\/www.giurgiuveanul.ro\/stiri\/wp-content\/uploads\/2023\/08\/Dan-Motreanu-768x557.jpg 768w, https:\/\/www.giurgiuveanul.ro\/stiri\/wp-content\/uploads\/2023\/08\/Dan-Motreanu-400x290.jpg 400w, https:\/\/www.giurgiuveanul.ro\/stiri\/wp-content\/uploads\/2023\/08\/Dan-Motreanu.jpg 959w\" sizes=\"auto, (max-width: 575px) 100vw, 575px\" \/><\/a>&#8222;Este un proiect la care<!--more--> \u021bin \u0219i pentru realizarea c\u0103ruia am pledat pe l\u00e2ng\u0103 Guvernul Rom\u00e2niei, \u00eempreun\u0103 cu parlamentarii PNL Giurgiu, Alexandru Andrei, Gabriela Horga \u0219i Toma Petcu. Contractul a fost semnat \u00een decembrie 2020, c\u00e2nd Ministerul Transporturilor era condus de un reprezentant al PNL.<\/p>\n<p style=\"text-align: justify;\">Parlamentarii PNL din Giurgiu cer Ministerului Transporturilor inform\u0103ri \u0219i rapoarte trimestriale privind desf\u0103\u0219urarea lucr\u0103rilor.<\/p>\n<p style=\"text-align: justify;\">Contractul vizeaz\u0103 realizarea noului pod peste r\u00e2ul Arge\u015f, cu o lungime total\u0103 de 1.131 metri \u0219i o deschidere central\u0103 de 145 de metri. De asemenea, vizeaz\u0103 lucr\u0103ri de \u00eentre\u021binere \u0219i repara\u021bii, pentru punerea \u00een siguran\u021b\u0103 a liniei feroviare.<\/p>\n<p style=\"text-align: justify;\">Linia de cale ferat\u0103 Bucure\u0219ti-Giurgiu a fost \u00eenchis\u0103 \u00een 2005, c\u00e2nd podul de la Gr\u0103di\u0219tea s-a pr\u0103bu\u0219it din cauza viiturilor. Din p\u0103cate, guvernele care s-au succedat au pierdut 15 ani f\u0103r\u0103 a ac\u021biona. Lucrurile nu s-au rezolvat nici m\u0103car atunci c\u00e2nd PSD Giurgiu a ajuns s\u0103 aib\u0103 un reprezentant la Ministerul Transporturilor. Un reprezentant care s-a l\u0103udat cu planuri pe h\u00e2rtie \u00een fa\u021ba giurgiuvenilor.<\/p>\n<p style=\"text-align: justify;\">\u00cen prezent se poate circula cu trenul \u00eentre Bucure\u0219ti \u0219i Giurgiu trec\u00e2nd prin Videle, adic\u0103 un traseu de 118 kilometri, \u00een loc de 74 de kilometri, c\u00e2t era ruta direct\u0103. Un drum dureaz\u0103 \u00eentre dou\u0103 ore \u0219i 40 de minute \u0219i patru ore, \u00een func\u021bie de tipul trenulului \u0219i de durata de a\u0219teptare \u00een Videle. Dorim s\u0103 avem c\u00e2t mai repede un traseu direct Bucure\u0219ti-Giurgiu pe linia ferat\u0103\u201d.<\/p>\n<p style=\"text-align: center;\"><strong>Europarlamentar Dan Motreanu,<\/strong><\/p>\n<p style=\"text-align: center;\"><em>Pre\u015fedinte PNL Giurgiu<\/em><\/p>\n","protected":false},"excerpt":{"rendered":"<p>&#8222;Este un proiect la care<\/p>\n","protected":false},"author":1,"featured_media":0,"comment_status":"open","ping_status":"open","sticky":false,"template":"","format":"standard","meta":{"footnotes":""},"categories":[6],"tags":[],"class_list":["post-99514","post","type-post","status-publish","format-standard","hentry","category-breaking-news"],"_links":{"self":[{"href":"https:\/\/www.giurgiuveanul.ro\/stiri\/wp-json\/wp\/v2\/posts\/99514","targetHints":{"allow":["GET"]}}],"collection":[{"href":"https:\/\/www.giurgiuveanul.ro\/stiri\/wp-json\/wp\/v2\/posts"}],"about":[{"href":"https:\/\/www.giurgiuveanul.ro\/stiri\/wp-json\/wp\/v2\/types\/post"}],"author":[{"embeddable":true,"href":"https:\/\/www.giurgiuveanul.ro\/stiri\/wp-json\/wp\/v2\/users\/1"}],"replies":[{"embeddable":true,"href":"https:\/\/www.giurgiuveanul.ro\/stiri\/wp-json\/wp\/v2\/comments?post=99514"}],"version-history":[{"count":0,"href":"https:\/\/www.giurgiuveanul.ro\/stiri\/wp-json\/wp\/v2\/posts\/99514\/revisions"}],"wp:attachment":[{"href":"https:\/\/www.giurgiuveanul.ro\/stiri\/wp-json\/wp\/v2\/media?parent=99514"}],"wp:term":[{"taxonomy":"category","embeddable":true,"href":"https:\/\/www.giurgiuveanul.ro\/stiri\/wp-json\/wp\/v2\/categories?post=99514"},{"taxonomy":"post_tag","embeddable":true,"href":"https:\/\/www.giurgiuveanul.ro\/stiri\/wp-json\/wp\/v2\/tags?post=99514"}],"curies":[{"name":"wp","href":"https:\/\/api.w.org\/{rel}","templated":true}]}}