{"id":99527,"date":"2023-08-17T17:27:13","date_gmt":"2023-08-17T14:27:13","guid":{"rendered":"https:\/\/www.giurgiuveanul.ro\/stiri\/?p=99527"},"modified":"2023-08-17T17:28:39","modified_gmt":"2023-08-17T14:28:39","slug":"restaurantul-bizet-invitatie-la-o-seara-latino","status":"publish","type":"post","link":"https:\/\/www.giurgiuveanul.ro\/stiri\/restaurantul-bizet-invitatie-la-o-seara-latino\/","title":{"rendered":"Restaurantul \u201eBizet\u201d &#8211; invita\u0163ie la o sear\u0103 Latino!"},"content":{"rendered":"<p><strong><a href=\"https:\/\/www.giurgiuveanul.ro\/stiri\/wp-content\/uploads\/2023\/08\/1-1.jpg\"><img loading=\"lazy\" decoding=\"async\" class=\"aligncenter wp-image-99296\" src=\"https:\/\/www.giurgiuveanul.ro\/stiri\/wp-content\/uploads\/2023\/08\/1-1-560x357.jpg\" alt=\"\" width=\"581\" height=\"370\" srcset=\"https:\/\/www.giurgiuveanul.ro\/stiri\/wp-content\/uploads\/2023\/08\/1-1-560x357.jpg 560w, https:\/\/www.giurgiuveanul.ro\/stiri\/wp-content\/uploads\/2023\/08\/1-1-250x159.jpg 250w, https:\/\/www.giurgiuveanul.ro\/stiri\/wp-content\/uploads\/2023\/08\/1-1-768x489.jpg 768w, https:\/\/www.giurgiuveanul.ro\/stiri\/wp-content\/uploads\/2023\/08\/1-1-1536x979.jpg 1536w, https:\/\/www.giurgiuveanul.ro\/stiri\/wp-content\/uploads\/2023\/08\/1-1-400x255.jpg 400w, https:\/\/www.giurgiuveanul.ro\/stiri\/wp-content\/uploads\/2023\/08\/1-1.jpg 2048w\" sizes=\"auto, (max-width: 581px) 100vw, 581px\" \/><\/a>Vineri, 18 august, \u00eencep\u00e2nd cu ora<!--more--> 19:00, restaurantul \u201eBizet\u201d, din zona podului \u201eBizets\u201d, strada Voestalpine nr. 2, v\u0103 preg\u0103te\u015fte o sear\u0103 Latino magnific\u0103.<\/strong><\/p>\n<p>Vino s\u0103 te destinzi pe ritmuri de Salsa, Bachata \u015fi Kizomba&#8230;<\/p>\n<p>De asemenea, nu vor lipsi nici preparatele cu fructe de mare g\u0103tite \u00een aer liber, la tigaie!<\/p>\n<p><a href=\"https:\/\/www.giurgiuveanul.ro\/stiri\/wp-content\/uploads\/2023\/08\/2-1.jpg\"><img loading=\"lazy\" decoding=\"async\" class=\"aligncenter wp-image-99298\" src=\"https:\/\/www.giurgiuveanul.ro\/stiri\/wp-content\/uploads\/2023\/08\/2-1-560x373.jpg\" alt=\"\" width=\"569\" height=\"379\" srcset=\"https:\/\/www.giurgiuveanul.ro\/stiri\/wp-content\/uploads\/2023\/08\/2-1-560x373.jpg 560w, https:\/\/www.giurgiuveanul.ro\/stiri\/wp-content\/uploads\/2023\/08\/2-1-250x167.jpg 250w, https:\/\/www.giurgiuveanul.ro\/stiri\/wp-content\/uploads\/2023\/08\/2-1-768x512.jpg 768w, https:\/\/www.giurgiuveanul.ro\/stiri\/wp-content\/uploads\/2023\/08\/2-1-1536x1024.jpg 1536w, https:\/\/www.giurgiuveanul.ro\/stiri\/wp-content\/uploads\/2023\/08\/2-1-400x267.jpg 400w, https:\/\/www.giurgiuveanul.ro\/stiri\/wp-content\/uploads\/2023\/08\/2-1.jpg 2048w\" sizes=\"auto, (max-width: 569px) 100vw, 569px\" \/><\/a><\/p>\n<p>A\u015fadar, vino s\u0103 petreci al\u0103turi de noi, la restaurantul \u201eBizet\u201d, \u00eentr-o atmosfer\u0103 de muzic\u0103 \u0219i distrac\u021bie!<\/p>\n<p>Te a\u0219tept\u0103m s\u0103 cre\u0103m \u00eempreun\u0103 o sear\u0103 de neuitat.<\/p>\n","protected":false},"excerpt":{"rendered":"<p>Vineri, 18 august, \u00eencep\u00e2nd cu ora<\/p>\n","protected":false},"author":1,"featured_media":0,"comment_status":"open","ping_status":"open","sticky":false,"template":"","format":"standard","meta":{"footnotes":""},"categories":[6],"tags":[],"class_list":["post-99527","post","type-post","status-publish","format-standard","hentry","category-breaking-news"],"_links":{"self":[{"href":"https:\/\/www.giurgiuveanul.ro\/stiri\/wp-json\/wp\/v2\/posts\/99527","targetHints":{"allow":["GET"]}}],"collection":[{"href":"https:\/\/www.giurgiuveanul.ro\/stiri\/wp-json\/wp\/v2\/posts"}],"about":[{"href":"https:\/\/www.giurgiuveanul.ro\/stiri\/wp-json\/wp\/v2\/types\/post"}],"author":[{"embeddable":true,"href":"https:\/\/www.giurgiuveanul.ro\/stiri\/wp-json\/wp\/v2\/users\/1"}],"replies":[{"embeddable":true,"href":"https:\/\/www.giurgiuveanul.ro\/stiri\/wp-json\/wp\/v2\/comments?post=99527"}],"version-history":[{"count":0,"href":"https:\/\/www.giurgiuveanul.ro\/stiri\/wp-json\/wp\/v2\/posts\/99527\/revisions"}],"wp:attachment":[{"href":"https:\/\/www.giurgiuveanul.ro\/stiri\/wp-json\/wp\/v2\/media?parent=99527"}],"wp:term":[{"taxonomy":"category","embeddable":true,"href":"https:\/\/www.giurgiuveanul.ro\/stiri\/wp-json\/wp\/v2\/categories?post=99527"},{"taxonomy":"post_tag","embeddable":true,"href":"https:\/\/www.giurgiuveanul.ro\/stiri\/wp-json\/wp\/v2\/tags?post=99527"}],"curies":[{"name":"wp","href":"https:\/\/api.w.org\/{rel}","templated":true}]}}