{"id":99543,"date":"2023-08-18T15:47:03","date_gmt":"2023-08-18T12:47:03","guid":{"rendered":"https:\/\/www.giurgiuveanul.ro\/stiri\/?p=99543"},"modified":"2023-08-18T15:47:03","modified_gmt":"2023-08-18T12:47:03","slug":"dgaspc-giurgiu-angajeaza-in-continuare-asistenti-maternali-profesionisti","status":"publish","type":"post","link":"https:\/\/www.giurgiuveanul.ro\/stiri\/dgaspc-giurgiu-angajeaza-in-continuare-asistenti-maternali-profesionisti\/","title":{"rendered":"DGASPC Giurgiu angajeaz\u0103 \u00een continuare asisten\u021bi maternali profesioni\u0219ti"},"content":{"rendered":"<p style=\"text-align: justify;\"><a href=\"https:\/\/www.giurgiuveanul.ro\/stiri\/wp-content\/uploads\/2023\/08\/DGASPC.jpg\"><img loading=\"lazy\" decoding=\"async\" class=\"aligncenter  wp-image-99544\" src=\"https:\/\/www.giurgiuveanul.ro\/stiri\/wp-content\/uploads\/2023\/08\/DGASPC-560x377.jpg\" alt=\"\" width=\"578\" height=\"389\" srcset=\"https:\/\/www.giurgiuveanul.ro\/stiri\/wp-content\/uploads\/2023\/08\/DGASPC-560x377.jpg 560w, https:\/\/www.giurgiuveanul.ro\/stiri\/wp-content\/uploads\/2023\/08\/DGASPC-250x168.jpg 250w, https:\/\/www.giurgiuveanul.ro\/stiri\/wp-content\/uploads\/2023\/08\/DGASPC-768x516.jpg 768w, https:\/\/www.giurgiuveanul.ro\/stiri\/wp-content\/uploads\/2023\/08\/DGASPC-400x269.jpg 400w, https:\/\/www.giurgiuveanul.ro\/stiri\/wp-content\/uploads\/2023\/08\/DGASPC.jpg 800w\" sizes=\"auto, (max-width: 578px) 100vw, 578px\" \/><\/a>Campania de recrutare a persoanelor care vor s\u0103 devin\u0103 asisten\u021bi maternali profesioni\u0219ti \u00een cadrul Direc\u021biei Generale de Asisten\u021b\u0103 Social\u0103 \u0219i Protec\u021bia Copilului Giurgiu continu\u0103 p\u00e2n\u0103 la<!--more--> sf\u0103r\u0219itul anului 2023: proiectul <em>Team <\/em><em>Up<\/em><em>&#8211;<\/em> <em>Progres \u00een calitatea \u00eengrijirii alternative a copiilor<\/em>, derulat de Autoritatea Na\u021bional\u0103 pentru Protec\u021bia Drepturilor Copilului \u0219i Adop\u021bie \u00een parteneriat cu direc\u021biile generale de asisten\u021b\u0103 social\u0103 \u0219i protec\u021bia copilului din \u00eentreaga \u021bar\u0103 se apropie de final, anul 2023 fiind ultimul an de derulare a proiectului. Acest \u00a0proiect cu finan\u0163are european\u0103 prevede c\u0103 \u00eencep\u00e2nd din anul 2019 \u015fi p\u00e2n\u0103 la finalul anului 2023, la Direc\u021bia General\u0103 de Asisten\u021b\u0103 Social\u0103 \u0219i Protec\u021bia Copilului Giurgiu vor fi angaja\u0163i 125 de asisten\u0163i maternali profesioni\u015fti.<\/p>\n<p style=\"text-align: justify;\">De la \u00eenceputul derul\u0103rii proiectului, 93 persoane cu domiciliul \u00een jude\u021bul Giurgiu care au solicitat s\u0103 devin\u0103 asisten\u021bi maternali profesioni\u0219ti \u0219i care \u00eendeplineau condi\u021biile prev\u0103zute de lege \u00een acest sens au fost evaluate de speciali\u0219tii din cadrul D.G.A.S.P.C. Giurgiu,\u00a0 au urmat cursuri de formare profesional\u0103 \u00een cadrul institu\u021biei \u0219i au ob\u021binut atestatul de asistent maternal profesionist.<\/p>\n<p style=\"text-align: justify;\">86 dintre persoanele atestate (71 femei \u0219i 15 b\u0103rba\u021bi) au fost angajate \u00eencep\u00e2nd cu anul 2019 ca asisten\u021bi maternali profesioni\u0219ti \u00een cadrul D.G.A.S.P.C. Giurgiu iar alte \u0219apte persoane atestate se afl\u0103 \u00een prezent \u00een corpul de rezerv\u0103 al asisten\u021bilor maternali profesioni\u0219ti, \u00eentruc\u00e2t angajarea pe post se face la data la care persoanele care au ob\u021binut atestatul de asistent maternal profesionist\u00a0 primesc copii \u00een plasament.<\/p>\n<p style=\"text-align: justify;\">Prin proiectul european <em>Team <\/em><em>Up<\/em><em>&#8211;<\/em> <em>Progres \u00een calitatea \u00eengrijirii alternative a copiilor<\/em>, mai pot fi angajate ca asisten\u021bi maternali profesioni\u0219ti \u00een cadrul D.G.A.S.P.C. Giurgiu (\u00een afar\u0103 de cele \u0219apte persoane aflate \u00een\u00a0 corpul de rezerv\u0103),\u00a0 alte 32 de persoane.<\/p>\n<p style=\"text-align: justify;\">Persoanele cu domiciliul \u00een jude\u021bul Giurgiu interesate s\u0103 devin\u0103 asisten\u021bi maternali profesioni\u0219ti pot depune cerere la D.G.A.S.P.C. Giurgiu, ulterior fiind \u00a0realizat\u0103 evaluarea\u00a0 solicitan\u0163ilor, \u00een vederea stabilirii capacit\u0103\u0163ii\u00a0 de a oferi \u00eengrijirea potrivit\u0103 copilulului\/ copiilor pe care \u00eei vor primi \u00een plasament. Solicitan\u021bii care \u00eendeplinesc cerin\u0163ele prev\u0103zute de lege \u00een vederea atest\u0103rii ca asistent maternal profesionist vor putea urma cursurile de formare profesional\u0103 organizate la nivelul D.G.A.S.P.C. Giurgiu. Dup\u0103 ob\u0163inerea atestatului de asistent maternal profesionist, persoanele respective vor putea primi copii \u00een plasament<em>.<\/em><\/p>\n<p style=\"text-align: center;\">\u00a0\u00a0\u00a0\u00a0\u00a0\u00a0\u00a0 <em><strong>D.<\/strong><strong>G.A.S.P.C. Giurgiu<\/strong><\/em><\/p>\n","protected":false},"excerpt":{"rendered":"<p>Campania de recrutare a persoanelor care vor s\u0103 devin\u0103 asisten\u021bi maternali profesioni\u0219ti \u00een cadrul Direc\u021biei Generale de Asisten\u021b\u0103 Social\u0103 \u0219i Protec\u021bia Copilului Giurgiu continu\u0103 p\u00e2n\u0103 la<\/p>\n","protected":false},"author":1,"featured_media":0,"comment_status":"open","ping_status":"open","sticky":false,"template":"","format":"standard","meta":{"footnotes":""},"categories":[6],"tags":[],"class_list":["post-99543","post","type-post","status-publish","format-standard","hentry","category-breaking-news"],"_links":{"self":[{"href":"https:\/\/www.giurgiuveanul.ro\/stiri\/wp-json\/wp\/v2\/posts\/99543","targetHints":{"allow":["GET"]}}],"collection":[{"href":"https:\/\/www.giurgiuveanul.ro\/stiri\/wp-json\/wp\/v2\/posts"}],"about":[{"href":"https:\/\/www.giurgiuveanul.ro\/stiri\/wp-json\/wp\/v2\/types\/post"}],"author":[{"embeddable":true,"href":"https:\/\/www.giurgiuveanul.ro\/stiri\/wp-json\/wp\/v2\/users\/1"}],"replies":[{"embeddable":true,"href":"https:\/\/www.giurgiuveanul.ro\/stiri\/wp-json\/wp\/v2\/comments?post=99543"}],"version-history":[{"count":0,"href":"https:\/\/www.giurgiuveanul.ro\/stiri\/wp-json\/wp\/v2\/posts\/99543\/revisions"}],"wp:attachment":[{"href":"https:\/\/www.giurgiuveanul.ro\/stiri\/wp-json\/wp\/v2\/media?parent=99543"}],"wp:term":[{"taxonomy":"category","embeddable":true,"href":"https:\/\/www.giurgiuveanul.ro\/stiri\/wp-json\/wp\/v2\/categories?post=99543"},{"taxonomy":"post_tag","embeddable":true,"href":"https:\/\/www.giurgiuveanul.ro\/stiri\/wp-json\/wp\/v2\/tags?post=99543"}],"curies":[{"name":"wp","href":"https:\/\/api.w.org\/{rel}","templated":true}]}}