{"id":99554,"date":"2023-08-18T19:01:07","date_gmt":"2023-08-18T16:01:07","guid":{"rendered":"https:\/\/www.giurgiuveanul.ro\/stiri\/?p=99554"},"modified":"2023-08-18T19:01:07","modified_gmt":"2023-08-18T16:01:07","slug":"un-giurgiuvean-a-suferit-arsuri-in-urma-unui-incendiu-de-vegetatie-uscata","status":"publish","type":"post","link":"https:\/\/www.giurgiuveanul.ro\/stiri\/un-giurgiuvean-a-suferit-arsuri-in-urma-unui-incendiu-de-vegetatie-uscata\/","title":{"rendered":"Un giurgiuvean a suferit arsuri \u00een urma unui incendiu de vegeta\u021bie uscat\u0103"},"content":{"rendered":"<p style=\"text-align: justify;\"><a href=\"https:\/\/www.giurgiuveanul.ro\/stiri\/wp-content\/uploads\/2023\/08\/000-incendiu.png\"><img loading=\"lazy\" decoding=\"async\" class=\"aligncenter  wp-image-99555\" src=\"https:\/\/www.giurgiuveanul.ro\/stiri\/wp-content\/uploads\/2023\/08\/000-incendiu-560x406.png\" alt=\"\" width=\"575\" height=\"417\" srcset=\"https:\/\/www.giurgiuveanul.ro\/stiri\/wp-content\/uploads\/2023\/08\/000-incendiu-560x406.png 560w, https:\/\/www.giurgiuveanul.ro\/stiri\/wp-content\/uploads\/2023\/08\/000-incendiu-250x181.png 250w, https:\/\/www.giurgiuveanul.ro\/stiri\/wp-content\/uploads\/2023\/08\/000-incendiu-768x557.png 768w, https:\/\/www.giurgiuveanul.ro\/stiri\/wp-content\/uploads\/2023\/08\/000-incendiu-1536x1113.png 1536w, https:\/\/www.giurgiuveanul.ro\/stiri\/wp-content\/uploads\/2023\/08\/000-incendiu-400x290.png 400w, https:\/\/www.giurgiuveanul.ro\/stiri\/wp-content\/uploads\/2023\/08\/000-incendiu.png 1569w\" sizes=\"auto, (max-width: 575px) 100vw, 575px\" \/><\/a>Un b\u0103rbat, un v\u00e2rst\u0103 de<!--more--> 55 de ani, a suferit arsuri \u00een urma unui incendiu de vegeta\u021bie uscat\u0103, ce s-a produs, \u00een aceast\u0103 dup\u0103-amiaz\u0103, \u00een localitatea Trestieni. Acesta a fost g\u0103sit de vecini, pe un teren din spatele cur\u021bii, c\u0103zut la p\u0103m\u00e2nt.<\/p>\n<p style=\"text-align: justify;\">Imediat, la fa\u021ba locului s-au deplasat pompierii din cadrul Deta\u0219amentului Bolintin Deal, cu o autospecial\u0103 de stingere \u0219i o ambulan\u021b\u0103 SMURD.<\/p>\n<p style=\"text-align: justify;\">B\u0103rbatul era con\u0219tient, dar avea arsuri pe membrele superioare, inferioare \u0219i pe toarce. Acesta a fost preluat de paramedici \u0219i transportat la un spital din capital\u0103.<\/p>\n<p style=\"text-align: justify;\">Pompierii au ac\u021bionat pentru stingerea incendiului, care s-a manifestat pe o suprafa\u021b\u0103 de circa 600 mp. Au ars vegeta\u021bie uscat\u0103 \u0219i de\u0219euri menajere.<\/p>\n<p style=\"text-align: justify;\">Cel mai probabil incendiul s-a produs din cauza unui foc \u00een aer liber l\u0103sat nesupravegheat.<\/p>\n<p style=\"text-align: justify;\">Atragem aten\u021bia asupra faptului c\u0103 folosirea focului deschis pentru igienizarea terenurilor \u0219i arderea gunoaielor, a de\u0219eurilor \u0219i a altor materiale combustibile pot avea consecin\u021be grave, at\u00e2t asupra mediului \u00eenconjur\u0103tor \u0219i a solului, c\u00e2t \u0219i asupra propriet\u0103\u021bii sau chiar vie\u021bii oamenilor.<\/p>\n<p style=\"text-align: justify;\">\u00cen astfel de cazuri, fl\u0103c\u0103rile se pot \u00eentinde cu repeziciune pe o suprafa\u021b\u0103 mare, iar \u00een condi\u021bii de v\u00e2nt, incendiile de vegeta\u021bie uscat\u0103 sau de de\u0219euri menajere pot deveni \u0219i mai periculoase dac\u0103 se manifest\u0103 aproape de case, de re\u021bele de electricitate sau de locuri cu pericol\u00a0de\u00a0explozie.<\/p>\n","protected":false},"excerpt":{"rendered":"<p>Un b\u0103rbat, un v\u00e2rst\u0103 de<\/p>\n","protected":false},"author":1,"featured_media":0,"comment_status":"open","ping_status":"open","sticky":false,"template":"","format":"standard","meta":{"footnotes":""},"categories":[6],"tags":[],"class_list":["post-99554","post","type-post","status-publish","format-standard","hentry","category-breaking-news"],"_links":{"self":[{"href":"https:\/\/www.giurgiuveanul.ro\/stiri\/wp-json\/wp\/v2\/posts\/99554","targetHints":{"allow":["GET"]}}],"collection":[{"href":"https:\/\/www.giurgiuveanul.ro\/stiri\/wp-json\/wp\/v2\/posts"}],"about":[{"href":"https:\/\/www.giurgiuveanul.ro\/stiri\/wp-json\/wp\/v2\/types\/post"}],"author":[{"embeddable":true,"href":"https:\/\/www.giurgiuveanul.ro\/stiri\/wp-json\/wp\/v2\/users\/1"}],"replies":[{"embeddable":true,"href":"https:\/\/www.giurgiuveanul.ro\/stiri\/wp-json\/wp\/v2\/comments?post=99554"}],"version-history":[{"count":0,"href":"https:\/\/www.giurgiuveanul.ro\/stiri\/wp-json\/wp\/v2\/posts\/99554\/revisions"}],"wp:attachment":[{"href":"https:\/\/www.giurgiuveanul.ro\/stiri\/wp-json\/wp\/v2\/media?parent=99554"}],"wp:term":[{"taxonomy":"category","embeddable":true,"href":"https:\/\/www.giurgiuveanul.ro\/stiri\/wp-json\/wp\/v2\/categories?post=99554"},{"taxonomy":"post_tag","embeddable":true,"href":"https:\/\/www.giurgiuveanul.ro\/stiri\/wp-json\/wp\/v2\/tags?post=99554"}],"curies":[{"name":"wp","href":"https:\/\/api.w.org\/{rel}","templated":true}]}}