{"id":99568,"date":"2023-08-20T12:13:49","date_gmt":"2023-08-20T09:13:49","guid":{"rendered":"https:\/\/www.giurgiuveanul.ro\/stiri\/?p=99568"},"modified":"2023-08-20T12:14:36","modified_gmt":"2023-08-20T09:14:36","slug":"catelusa-kyra-salvata-de-pompierii-giurgiuveni","status":"publish","type":"post","link":"https:\/\/www.giurgiuveanul.ro\/stiri\/catelusa-kyra-salvata-de-pompierii-giurgiuveni\/","title":{"rendered":"C\u0103\u0163elu\u015fa Kyra, salvat\u0103 de pompierii giurgiuveni"},"content":{"rendered":"<p style=\"text-align: justify;\"><a href=\"https:\/\/www.giurgiuveanul.ro\/stiri\/wp-content\/uploads\/2023\/08\/369523218_331569325890622_4991854364297013673_n.jpg\"><img loading=\"lazy\" decoding=\"async\" class=\"aligncenter wp-image-99569\" src=\"https:\/\/www.giurgiuveanul.ro\/stiri\/wp-content\/uploads\/2023\/08\/369523218_331569325890622_4991854364297013673_n-480x450.jpg\" alt=\"\" width=\"576\" height=\"540\" srcset=\"https:\/\/www.giurgiuveanul.ro\/stiri\/wp-content\/uploads\/2023\/08\/369523218_331569325890622_4991854364297013673_n-480x450.jpg 480w, https:\/\/www.giurgiuveanul.ro\/stiri\/wp-content\/uploads\/2023\/08\/369523218_331569325890622_4991854364297013673_n-250x234.jpg 250w, https:\/\/www.giurgiuveanul.ro\/stiri\/wp-content\/uploads\/2023\/08\/369523218_331569325890622_4991854364297013673_n-768x719.jpg 768w, https:\/\/www.giurgiuveanul.ro\/stiri\/wp-content\/uploads\/2023\/08\/369523218_331569325890622_4991854364297013673_n-400x375.jpg 400w, https:\/\/www.giurgiuveanul.ro\/stiri\/wp-content\/uploads\/2023\/08\/369523218_331569325890622_4991854364297013673_n.jpg 1200w\" sizes=\"auto, (max-width: 576px) 100vw, 576px\" \/><\/a>Pe Kyra, o c\u0103telu\u0219\u0103 din rasa pointer englez,<!--more--> am cunoscut-o ast\u0103zi, pe un c\u00e2mp din localitatea St\u0103ne\u0219ti. Disp\u0103ruse de asear\u0103, iar st\u0103p\u00e2nul a c\u0103utat-o toat\u0103 noaptea. \u00cen cele din urm\u0103, a auzit-o l\u0103tr\u00e2nd \u00eentr-o f\u00e2nt\u00e2n\u0103 dezafectat\u0103, iar de diminea\u021b\u0103 a cerut ajutorul pompierilor pentru c\u0103 singur nu ar fi reu\u0219it s\u0103 o salveze.<\/p>\n<p style=\"text-align: justify;\"><em>\u201eAvem dou\u0103 c\u0103\u021belu\u0219e din aceea\u0219i ras\u0103, dar foarte diferite ca temperament. Kyra este independent\u0103 \u0219i n\u0103zdr\u0103van\u0103, iar atunci c\u00e2nd le scoatem la plimbare \u00eei place s\u0103 alerge \u0219i s\u0103 se bucure de tot ce o \u00eenconjoar\u0103. De data aceasta, s-a r\u0103t\u0103cit. Nu \u0219tiu cum a ajuns aici &#8230; Are peste 20 de kg, s\u0103 \u0219ti\u021bi! Nu va fi u\u0219or s\u0103 o scoate\u021bi,\u201d<\/em> ne-a povestit st\u0103p\u00e2nul s\u0103u.<\/p>\n<p style=\"text-align: justify;\"><em>\u201eImportant este c\u0103 a\u021bi g\u0103sit-o \u0219i c\u0103 o putem salva\u201d, <\/em>l-a lini\u0219tit George, unul dintre pompierii care au intervenit la caz.<\/p>\n<p style=\"text-align: justify;\">\u00cen acela\u0219i timp, verifica zona. Era o f\u00e2nt\u00e2n\u0103 dezafectat\u0103, cu ad\u00e2ncime de aproximativ 12 metri. Dup\u0103 at\u00e2tea ore petrecute \u00een \u00eentuneric, \u00eentr-un spatiu \u00eengust, Kyra sim\u021bea c\u0103 va primi ajutor \u0219i era din ce \u00een ce mai agitat\u0103.<\/p>\n<p style=\"text-align: justify;\">Din fericire, nu a durat mult \u0219i a ajuns din nou \u00een bra\u021bele st\u0103p\u00e2nului s\u0103u, iar bucuria pe care am\u00e2ndoi au sim\u021bit-o nu poate fi descris\u0103 \u00een cuvinte.<\/p>\n<p style=\"text-align: justify;\">Cu ochii bl\u00e2nzi \u0219i plini de recuno\u0219tin\u021b\u0103, c\u0103\u021belu\u0219a nu s-a mai dezlipit nici de pompierii care au salvat-o \u0219i nici de cel care o \u00eengrije\u0219te \u00een fiecare zi \u0219i \u00eei ofer\u0103 afec\u021biune.<\/p>\n<p style=\"text-align: justify;\">Felicit\u0103ri tuturor!<\/p>\n","protected":false},"excerpt":{"rendered":"<p>Pe Kyra, o c\u0103telu\u0219\u0103 din rasa pointer englez,<\/p>\n","protected":false},"author":1,"featured_media":0,"comment_status":"open","ping_status":"open","sticky":false,"template":"","format":"standard","meta":{"footnotes":""},"categories":[6],"tags":[],"class_list":["post-99568","post","type-post","status-publish","format-standard","hentry","category-breaking-news"],"_links":{"self":[{"href":"https:\/\/www.giurgiuveanul.ro\/stiri\/wp-json\/wp\/v2\/posts\/99568","targetHints":{"allow":["GET"]}}],"collection":[{"href":"https:\/\/www.giurgiuveanul.ro\/stiri\/wp-json\/wp\/v2\/posts"}],"about":[{"href":"https:\/\/www.giurgiuveanul.ro\/stiri\/wp-json\/wp\/v2\/types\/post"}],"author":[{"embeddable":true,"href":"https:\/\/www.giurgiuveanul.ro\/stiri\/wp-json\/wp\/v2\/users\/1"}],"replies":[{"embeddable":true,"href":"https:\/\/www.giurgiuveanul.ro\/stiri\/wp-json\/wp\/v2\/comments?post=99568"}],"version-history":[{"count":0,"href":"https:\/\/www.giurgiuveanul.ro\/stiri\/wp-json\/wp\/v2\/posts\/99568\/revisions"}],"wp:attachment":[{"href":"https:\/\/www.giurgiuveanul.ro\/stiri\/wp-json\/wp\/v2\/media?parent=99568"}],"wp:term":[{"taxonomy":"category","embeddable":true,"href":"https:\/\/www.giurgiuveanul.ro\/stiri\/wp-json\/wp\/v2\/categories?post=99568"},{"taxonomy":"post_tag","embeddable":true,"href":"https:\/\/www.giurgiuveanul.ro\/stiri\/wp-json\/wp\/v2\/tags?post=99568"}],"curies":[{"name":"wp","href":"https:\/\/api.w.org\/{rel}","templated":true}]}}