{"id":99574,"date":"2023-08-20T12:26:08","date_gmt":"2023-08-20T09:26:08","guid":{"rendered":"https:\/\/www.giurgiuveanul.ro\/stiri\/?p=99574"},"modified":"2023-08-20T12:26:08","modified_gmt":"2023-08-20T09:26:08","slug":"s-a-autoaccidentat-dupa-ce-a-cazut-cu-scuterul-nu-avea-permis-de-conducere-scuterul-nu-era-inmatriculat-si-a-fost-depistat-cu-o-alcoolemie-de-132-mg-l-alcool-pur-in-aerul-expirat","status":"publish","type":"post","link":"https:\/\/www.giurgiuveanul.ro\/stiri\/s-a-autoaccidentat-dupa-ce-a-cazut-cu-scuterul-nu-avea-permis-de-conducere-scuterul-nu-era-inmatriculat-si-a-fost-depistat-cu-o-alcoolemie-de-132-mg-l-alcool-pur-in-aerul-expirat\/","title":{"rendered":"S-a autoaccidentat dup\u0103 ce a c\u0103zut cu scuterul. Nu avea permis de conducere, scuterul nu era \u00eenmatriculat \u015fi a fost depistat cu o alcoolemie de 1,32 mg\/l alcool pur \u00een aerul expirat"},"content":{"rendered":"<p style=\"text-align: justify;\"><a href=\"https:\/\/www.giurgiuveanul.ro\/stiri\/wp-content\/uploads\/2023\/05\/criminalisti-crima-politie-1.jpg\"><img loading=\"lazy\" decoding=\"async\" class=\"aligncenter  wp-image-97760\" src=\"https:\/\/www.giurgiuveanul.ro\/stiri\/wp-content\/uploads\/2023\/05\/criminalisti-crima-politie-1-560x315.jpg\" alt=\"\" width=\"574\" height=\"323\" srcset=\"https:\/\/www.giurgiuveanul.ro\/stiri\/wp-content\/uploads\/2023\/05\/criminalisti-crima-politie-1-560x315.jpg 560w, https:\/\/www.giurgiuveanul.ro\/stiri\/wp-content\/uploads\/2023\/05\/criminalisti-crima-politie-1-250x141.jpg 250w, https:\/\/www.giurgiuveanul.ro\/stiri\/wp-content\/uploads\/2023\/05\/criminalisti-crima-politie-1-768x432.jpg 768w, https:\/\/www.giurgiuveanul.ro\/stiri\/wp-content\/uploads\/2023\/05\/criminalisti-crima-politie-1-400x225.jpg 400w, https:\/\/www.giurgiuveanul.ro\/stiri\/wp-content\/uploads\/2023\/05\/criminalisti-crima-politie-1.jpg 800w\" sizes=\"auto, (max-width: 574px) 100vw, 574px\" \/><\/a>La data de<!--more--> 19 august a.c., ora 11.00, pe D.C. 109, \u00een afara localit\u0103\u021bii Valea Bujorului, jude\u021bul Giurgiu, un b\u0103rbat, de 51 de ani, din municipiul Bucure\u0219ti, \u00een timp ce conducea un scuter, din direc\u021bia Valea Bujorului c\u0103tre Albele, ar fi pierdut controlul vehiculului, c\u0103z\u00e2nd pe carosabil \u0219i ulterior autoaccident\u00e2ndu-se.<\/p>\n<p style=\"text-align: justify;\">\n<p style=\"text-align: justify;\">B\u0103rbatul \u00een cauz\u0103 a fost testat cu aparatul drager, care a indicat o valoare de 1,32 mg\/l alcool pur \u00een aerul expirat, fiind transportat la spital pentru acordarea de \u00eengrijiri medicale de specialitate \u0219i pentru recoltarea probelor biologice de s\u00e2nge, \u00een vederea stabilirii cu exactitate a alcoolemiei.<\/p>\n<p style=\"text-align: justify;\">\n<p style=\"text-align: justify;\">\u00cen urma verific\u0103rilor efectuate, a reie\u0219it faptul c\u0103 acesta nu posed\u0103 permis de conducere pentru nicio categorie de vehicule, iar scuterul condus nu era \u00eenmatriculat.<\/p>\n<p style=\"text-align: justify;\">\n<p style=\"text-align: justify;\">\u00cen cauz\u0103, a fost \u00eentocmit dosar penal sub aspectul s\u0103v\u00e2r\u0219irii infrac\u021biunilor de v\u0103t\u0103mare corporal\u0103 din culp\u0103, conducerea unui vehicul f\u0103r\u0103 a poseda permis de conducere, conducerea unui vehicul ne\u00eenmatriculat \u0219i conducerea unui vehicul sub influen\u021ba alcoolului.<\/p>\n","protected":false},"excerpt":{"rendered":"<p>La data de<\/p>\n","protected":false},"author":1,"featured_media":0,"comment_status":"open","ping_status":"open","sticky":false,"template":"","format":"standard","meta":{"footnotes":""},"categories":[6],"tags":[],"class_list":["post-99574","post","type-post","status-publish","format-standard","hentry","category-breaking-news"],"_links":{"self":[{"href":"https:\/\/www.giurgiuveanul.ro\/stiri\/wp-json\/wp\/v2\/posts\/99574","targetHints":{"allow":["GET"]}}],"collection":[{"href":"https:\/\/www.giurgiuveanul.ro\/stiri\/wp-json\/wp\/v2\/posts"}],"about":[{"href":"https:\/\/www.giurgiuveanul.ro\/stiri\/wp-json\/wp\/v2\/types\/post"}],"author":[{"embeddable":true,"href":"https:\/\/www.giurgiuveanul.ro\/stiri\/wp-json\/wp\/v2\/users\/1"}],"replies":[{"embeddable":true,"href":"https:\/\/www.giurgiuveanul.ro\/stiri\/wp-json\/wp\/v2\/comments?post=99574"}],"version-history":[{"count":0,"href":"https:\/\/www.giurgiuveanul.ro\/stiri\/wp-json\/wp\/v2\/posts\/99574\/revisions"}],"wp:attachment":[{"href":"https:\/\/www.giurgiuveanul.ro\/stiri\/wp-json\/wp\/v2\/media?parent=99574"}],"wp:term":[{"taxonomy":"category","embeddable":true,"href":"https:\/\/www.giurgiuveanul.ro\/stiri\/wp-json\/wp\/v2\/categories?post=99574"},{"taxonomy":"post_tag","embeddable":true,"href":"https:\/\/www.giurgiuveanul.ro\/stiri\/wp-json\/wp\/v2\/tags?post=99574"}],"curies":[{"name":"wp","href":"https:\/\/api.w.org\/{rel}","templated":true}]}}