{"id":99580,"date":"2023-08-20T20:44:36","date_gmt":"2023-08-20T17:44:36","guid":{"rendered":"https:\/\/www.giurgiuveanul.ro\/stiri\/?p=99580"},"modified":"2023-08-20T20:44:36","modified_gmt":"2023-08-20T17:44:36","slug":"accident-rutier-soldat-cu-cinci-victime-foto-2","status":"publish","type":"post","link":"https:\/\/www.giurgiuveanul.ro\/stiri\/accident-rutier-soldat-cu-cinci-victime-foto-2\/","title":{"rendered":"ACCIDENT RUTIER soldat cu cinci victime (FOTO)"},"content":{"rendered":"<p style=\"text-align: justify;\"><strong><a href=\"https:\/\/www.giurgiuveanul.ro\/stiri\/wp-content\/uploads\/2023\/08\/000000000accident.jpeg\"><img loading=\"lazy\" decoding=\"async\" class=\"aligncenter  wp-image-99581\" src=\"https:\/\/www.giurgiuveanul.ro\/stiri\/wp-content\/uploads\/2023\/08\/000000000accident-518x450.jpeg\" alt=\"\" width=\"548\" height=\"476\" srcset=\"https:\/\/www.giurgiuveanul.ro\/stiri\/wp-content\/uploads\/2023\/08\/000000000accident-518x450.jpeg 518w, https:\/\/www.giurgiuveanul.ro\/stiri\/wp-content\/uploads\/2023\/08\/000000000accident-250x217.jpeg 250w, https:\/\/www.giurgiuveanul.ro\/stiri\/wp-content\/uploads\/2023\/08\/000000000accident-768x667.jpeg 768w, https:\/\/www.giurgiuveanul.ro\/stiri\/wp-content\/uploads\/2023\/08\/000000000accident-400x347.jpeg 400w, https:\/\/www.giurgiuveanul.ro\/stiri\/wp-content\/uploads\/2023\/08\/000000000accident.jpeg 1431w\" sizes=\"auto, (max-width: 548px) 100vw, 548px\" \/><\/a>Cinci persoane au<!--more--> avut nevoie de \u00eengrijiri medicale, \u00een urma unui accident rutier ce s-a produs, \u00een aceast\u0103 dup\u0103-amiaz\u0103, \u00eentre localit\u0103\u021bile S\u0103b\u0103reni \u0219i Joi\u021ba. \u00cen eveniment au fost implicate dou\u0103 autoturisme<\/strong>.<\/p>\n<p style=\"text-align: justify;\">\n<p style=\"text-align: justify;\">La fa\u021ba locului s-au deplasat pompierii din cadrul Deta\u0219amentului Bolintin Deal, cu o autospecial\u0103 de stingere, dotat\u0103 cu modul de descarcerare, patru ambulan\u021be SMURD \u0219i SAJ \u0219i elicopterul SMURD.<\/p>\n<p style=\"text-align: justify;\">\n<p style=\"text-align: justify;\">Echipajele medicale au transportat la spitale din capital\u0103 trei femei de 31, 40 \u0219i 53 de ani \u0219i doi b\u0103rba\u021bi de 21 \u0219i 52 de ani.<\/p>\n<p style=\"text-align: justify;\">\n<p style=\"text-align: justify;\">Pompierii au asigurat m\u0103surile de prevenire a incendiilor, iar cazul a r\u0103mas \u00een aten\u021bia Poli\u021biei pentru cercet\u0103ri.<\/p>\n","protected":false},"excerpt":{"rendered":"<p>Cinci persoane au<\/p>\n","protected":false},"author":1,"featured_media":0,"comment_status":"open","ping_status":"open","sticky":false,"template":"","format":"standard","meta":{"footnotes":""},"categories":[6],"tags":[],"class_list":["post-99580","post","type-post","status-publish","format-standard","hentry","category-breaking-news"],"_links":{"self":[{"href":"https:\/\/www.giurgiuveanul.ro\/stiri\/wp-json\/wp\/v2\/posts\/99580","targetHints":{"allow":["GET"]}}],"collection":[{"href":"https:\/\/www.giurgiuveanul.ro\/stiri\/wp-json\/wp\/v2\/posts"}],"about":[{"href":"https:\/\/www.giurgiuveanul.ro\/stiri\/wp-json\/wp\/v2\/types\/post"}],"author":[{"embeddable":true,"href":"https:\/\/www.giurgiuveanul.ro\/stiri\/wp-json\/wp\/v2\/users\/1"}],"replies":[{"embeddable":true,"href":"https:\/\/www.giurgiuveanul.ro\/stiri\/wp-json\/wp\/v2\/comments?post=99580"}],"version-history":[{"count":0,"href":"https:\/\/www.giurgiuveanul.ro\/stiri\/wp-json\/wp\/v2\/posts\/99580\/revisions"}],"wp:attachment":[{"href":"https:\/\/www.giurgiuveanul.ro\/stiri\/wp-json\/wp\/v2\/media?parent=99580"}],"wp:term":[{"taxonomy":"category","embeddable":true,"href":"https:\/\/www.giurgiuveanul.ro\/stiri\/wp-json\/wp\/v2\/categories?post=99580"},{"taxonomy":"post_tag","embeddable":true,"href":"https:\/\/www.giurgiuveanul.ro\/stiri\/wp-json\/wp\/v2\/tags?post=99580"}],"curies":[{"name":"wp","href":"https:\/\/api.w.org\/{rel}","templated":true}]}}