{"id":99603,"date":"2023-08-21T15:52:12","date_gmt":"2023-08-21T12:52:12","guid":{"rendered":"https:\/\/www.giurgiuveanul.ro\/stiri\/?p=99603"},"modified":"2023-08-21T15:52:12","modified_gmt":"2023-08-21T12:52:12","slug":"isu-giurgiu-15-incendii-de-vegetatie-in-ultimele-doua-zile","status":"publish","type":"post","link":"https:\/\/www.giurgiuveanul.ro\/stiri\/isu-giurgiu-15-incendii-de-vegetatie-in-ultimele-doua-zile\/","title":{"rendered":"ISU Giurgiu. 15 incendii de vegeta\u021bie, \u00een ultimele dou\u0103 zile"},"content":{"rendered":"<p style=\"text-align: justify;\"><a href=\"https:\/\/www.giurgiuveanul.ro\/stiri\/wp-content\/uploads\/2023\/08\/0000-incendii-weekend.jpeg\"><img loading=\"lazy\" decoding=\"async\" class=\"aligncenter  wp-image-99604\" src=\"https:\/\/www.giurgiuveanul.ro\/stiri\/wp-content\/uploads\/2023\/08\/0000-incendii-weekend-560x371.jpeg\" alt=\"\" width=\"572\" height=\"379\" srcset=\"https:\/\/www.giurgiuveanul.ro\/stiri\/wp-content\/uploads\/2023\/08\/0000-incendii-weekend-560x371.jpeg 560w, https:\/\/www.giurgiuveanul.ro\/stiri\/wp-content\/uploads\/2023\/08\/0000-incendii-weekend-250x166.jpeg 250w, https:\/\/www.giurgiuveanul.ro\/stiri\/wp-content\/uploads\/2023\/08\/0000-incendii-weekend-768x508.jpeg 768w, https:\/\/www.giurgiuveanul.ro\/stiri\/wp-content\/uploads\/2023\/08\/0000-incendii-weekend-400x265.jpeg 400w, https:\/\/www.giurgiuveanul.ro\/stiri\/wp-content\/uploads\/2023\/08\/0000-incendii-weekend.jpeg 1080w\" sizes=\"auto, (max-width: 572px) 100vw, 572px\" \/><\/a>Pompierii giurgiuveni au<!--more--> fost la datorie 24 de ore din 24 pentru interven\u021bia imediat\u0103 la solicit\u0103rile cet\u0103\u021benilor \u0219i gestionarea optim\u0103 a situa\u021biilor de urgen\u021b\u0103, produse la nivel local. \u00cen ultimele zile, ace\u0219tia au intervenit pentru stingerea a 15 incendii de vegeta\u021bie uscat\u0103, \u00een urm\u0103toarele localit\u0103\u021bi:<\/p>\n<ul style=\"text-align: justify;\">\n<li><strong>Giurgiu, str. M\u0103r\u0103\u0219e\u0219ti<\/strong> &#8211; au ars aproximativ 1.000 mp de vegeta\u021bie uscat\u0103 \u0219i de\u0219euri manejere. La caz s-au deplasat pompierii din cadrul Deta\u0219amentului Giurgiu, cu o autospecial\u0103 de stingere. Cauza probabil\u0103 de producere a incendiului a fost focul deschis \u00een spa\u021bii deschise;<\/li>\n<li><strong>Ghizdaru<\/strong> &#8211; au ars aproximativ 5.000 mp de vegeta\u021bie uscat\u0103, m\u0103r\u0103cini\u0219 \u0219i de\u0219euri manejere. La caz s-au deplasat pompierii din cadrul Deta\u0219amentului Giurgiu, cu o autospecial\u0103 de stingere. Cauza probabil\u0103 de producere a incendiului a fost focul deschis \u00een spa\u021bii deschise;<\/li>\n<li><strong>Mogo\u0219e\u0219ti <\/strong>&#8211; au ars circa 500 mp de vegeta\u021bie uscat\u0103 \u0219i aproximativ 100 de buca\u021bi de materiale de construc\u021bie. La caz s-au deplasat pompierii din cadrul Punctului de Lucru C\u0103lug\u0103reni \u0219i Sta\u021biei Coliba\u0219i, cu dou\u0103 autospeciale de stingere. Cauza probabil\u0103 de producere a incendiului a fost focul deschis \u00een spa\u021bii deschise;<\/li>\n<li><strong>C\u0103lug\u0103reni<\/strong> &#8211; a ars vegeta\u021bie uscat\u0103, pe o suprafa\u021b\u0103 de circa cinci ha. La caz s-au deplasat pompierii din cadrul Punctului de Lucru C\u0103lug\u0103reni, cu o autospecial\u0103 de stingere. Cauza probabil\u0103 de producere a incendiului a fost focul deschis \u00een spa\u021bii deschise;<\/li>\n<li><strong>Greaca<\/strong> &#8211; au ars vegeta\u021bie uscat\u0103, l\u0103st\u0103ri\u0219 \u0219i m\u0103r\u0103cini\u0219, pe o suprafa\u021b\u0103 de aproximativ 2.000 mp. La caz au ac\u021bionat pompierii din cadrul Punctului de Lucru Greaca, cu o autospecial\u0103 de stingere. Cauza probabil\u0103 de producere a incendiului a fost focul deschis \u00een spa\u021bii deschise;<\/li>\n<li><strong>Pu\u021bu Greci<\/strong> &#8211; au ars vegeta\u021bie uscat\u0103, l\u0103st\u0103ri\u0219 \u0219i m\u0103r\u0103cini\u0219, pe o suprafa\u021b\u0103 de aproximativ 300 mp. La caz au ac\u021bionat pompierii din cadrul Punctului de Lucru Greaca, cu o autospecial\u0103 de stingere. Cauza probabil\u0103 de producere a incendiului a fost focul deschis \u00een spa\u021bii deschise;<\/li>\n<li><strong>Dobreni<\/strong> &#8211; a ars vegeta\u021bie uscat\u0103, pe o suprafa\u021b\u0103 de aproximativ 200 mp. La caz au ac\u021bionat pompierii din cadrul Sta\u021biei Coliba\u0219i, cu o autospecial\u0103 de stingere. Cauza probabil\u0103 de producere a incendiului a fost focul deschis \u00een spa\u021bii deschise;<\/li>\n<li><strong>Vlad \u021aepe\u0219<\/strong> &#8211; a ars vegeta\u021bie uscat\u0103, pe o suprafa\u021b\u0103 de aproximativ trei ha. La caz au ac\u021bionat pompierii din cadrul Sta\u021biei Coliba\u0219i, cu o autospecial\u0103 de stingere. Cauza probabil\u0103 de producere a incendiului a fost focul deschis \u00een spa\u021bii deschise;<\/li>\n<li><strong>Mogo\u0219e\u0219ti<\/strong> &#8211; a ars vegeta\u021bie uscat\u0103, pe o suprafa\u021b\u0103 de aproximativ 10 mp. La caz au ac\u021bionat pompierii din cadrul Sta\u021biei Coliba\u0219i, cu o autospecial\u0103 de stingere. Cauza probabil\u0103 de producere a incendiului a fost focul deschis \u00een spa\u021bii deschise;<\/li>\n<li><strong>Crevedia Mare<\/strong> &#8211; au ars vegeta\u021bie uscat\u0103, l\u0103st\u0103ri\u0219 \u0219i m\u0103r\u0103cini\u0219, pe o suprafa\u021b\u0103 de aproximativ 2,5 ha. La caz au ac\u021bionat pompierii din cadrul G\u0103rzii de Interven\u021bie Roata de Jos, cu o autospecial\u0103 de stingere. Cauza probabil\u0103 de producere a incendiului a fost focul deschis \u00een spa\u021bii deschise;<\/li>\n<li><strong>V\u00e2n\u0103torii Mari<\/strong> &#8211; a ars vegeta\u021bie uscat\u0103, pe o suprafa\u021b\u0103 de aproximativ 1.000 mp. La caz au ac\u021bionat pompierii din cadrul G\u0103rzii de Interven\u021bie Roata de Jos, cu o autospecial\u0103 de stingere. Cauza probabil\u0103 de producere a incendiului a fost focul deschis \u00een spa\u021bii deschise;<\/li>\n<li><strong>B\u0103neasa<\/strong> &#8211; a ars vegeta\u021bie uscat\u0103, pe o suprafa\u021b\u0103 de aproximativ un ha. La caz s-au deplasat pompierii din cadrul Deta\u0219amentului Giurgiu, cu o autospecial\u0103 de stingere. Cauza probabil\u0103 de producere a incendiului a fost focul deschis \u00een spa\u021bii deschise;<\/li>\n<li><strong>V\u0103r\u0103\u0219ti<\/strong> &#8211; a ars vegeta\u021bie uscat\u0103, pe o suprafa\u021b\u0103 de aproximativ cinci ha, \u00een incinta unui parc fotovoltaic. La caz au ac\u021bionat pompierii din cadrul Sta\u021biei Coliba\u0219i, cu o autospecial\u0103 de stingere. Cauza probabil\u0103 de producere a incendiului a fost scurtcircuitul;<\/li>\n<li><strong>Icoana<\/strong> &#8211; au ars vegeta\u021bie uscat\u0103 \u0219i l\u0103st\u0103ri\u0219, pe o suprafa\u021b\u0103 de aproximativ un ha. La caz au ac\u021bionat pompierii din cadrul Deta\u0219amentului Bolintin Deal, cu o autospecial\u0103 de stingere. Cauza probabil\u0103 de producere a incendiului a fost focul deschis \u00een spa\u021bii deschise;<\/li>\n<li><strong>Izvoarele<\/strong> &#8211; au ars vegeta\u021bie uscat\u0103, pe o suprafa\u021b\u0103 de aproximativ un ha \u0219i circa \u0219apte tone de de\u0219euri manejere. La caz s-au deplasat pompierii din cadrul Deta\u0219amentului Giurgiu, cu o autospecial\u0103 de stingere. Cauza probabil\u0103 de producere a incendiului a fost focul deschis \u00een spa\u021bii deschise.<\/li>\n<\/ul>\n<p style=\"text-align: justify;\">Atragem aten\u021bia asupra faptului c\u0103 folosirea focului deschis pentru igienizarea terenurilor \u0219i arderea gunoaielor, a de\u0219eurilor \u0219i a altor materiale combustibile pot avea consecin\u021be grave, at\u00e2t asupra mediului \u00eenconjur\u0103tor \u0219i a solului, c\u00e2t \u0219i asupra propriet\u0103\u021bii sau chiar vie\u021bii oamenilor. \u00cen astfel de cazuri, fl\u0103c\u0103rile se pot extinde rapid pe o suprafa\u021b\u0103 mare, iar \u00een condi\u021bii de v\u00e2nt, incendiile de vegeta\u021bie uscat\u0103 sau de de\u0219euri menajere pot deveni \u0219i mai periculoase dac\u0103 se manifest\u0103 aproape de case, de re\u021bele de electricitate sau de locuri cu pericol de explozie.<\/p>\n<p style=\"text-align: justify;\">Informa\u021bii despre modul de comportare \u00een cazul producerii unor situa\u021bii de urgen\u021b\u0103 pot fi ob\u021binute prin accesarea platformei na\u021bionale de preg\u0103tire \u00een situa\u021bii de urgen\u021b\u0103 https:\/\/fiipregatit.ro.<\/p>\n<p style=\"text-align: justify;\">\n<p style=\"text-align: justify;\">Compartimentul Informare \u0219i Rela\u021bii Publice<\/p>\n","protected":false},"excerpt":{"rendered":"<p>Pompierii giurgiuveni au<\/p>\n","protected":false},"author":1,"featured_media":0,"comment_status":"open","ping_status":"open","sticky":false,"template":"","format":"standard","meta":{"footnotes":""},"categories":[6],"tags":[],"class_list":["post-99603","post","type-post","status-publish","format-standard","hentry","category-breaking-news"],"_links":{"self":[{"href":"https:\/\/www.giurgiuveanul.ro\/stiri\/wp-json\/wp\/v2\/posts\/99603","targetHints":{"allow":["GET"]}}],"collection":[{"href":"https:\/\/www.giurgiuveanul.ro\/stiri\/wp-json\/wp\/v2\/posts"}],"about":[{"href":"https:\/\/www.giurgiuveanul.ro\/stiri\/wp-json\/wp\/v2\/types\/post"}],"author":[{"embeddable":true,"href":"https:\/\/www.giurgiuveanul.ro\/stiri\/wp-json\/wp\/v2\/users\/1"}],"replies":[{"embeddable":true,"href":"https:\/\/www.giurgiuveanul.ro\/stiri\/wp-json\/wp\/v2\/comments?post=99603"}],"version-history":[{"count":0,"href":"https:\/\/www.giurgiuveanul.ro\/stiri\/wp-json\/wp\/v2\/posts\/99603\/revisions"}],"wp:attachment":[{"href":"https:\/\/www.giurgiuveanul.ro\/stiri\/wp-json\/wp\/v2\/media?parent=99603"}],"wp:term":[{"taxonomy":"category","embeddable":true,"href":"https:\/\/www.giurgiuveanul.ro\/stiri\/wp-json\/wp\/v2\/categories?post=99603"},{"taxonomy":"post_tag","embeddable":true,"href":"https:\/\/www.giurgiuveanul.ro\/stiri\/wp-json\/wp\/v2\/tags?post=99603"}],"curies":[{"name":"wp","href":"https:\/\/api.w.org\/{rel}","templated":true}]}}