{"id":99620,"date":"2023-08-21T17:16:36","date_gmt":"2023-08-21T14:16:36","guid":{"rendered":"https:\/\/www.giurgiuveanul.ro\/stiri\/?p=99620"},"modified":"2023-08-21T17:16:36","modified_gmt":"2023-08-21T14:16:36","slug":"trei-localitati-giurgiuvene-palanca-ghimpati-si-valea-dragului-vor-ramane-marti-22-august-fara-curent-electric-care-sunt-strazile-vizate-vezi-aici","status":"publish","type":"post","link":"https:\/\/www.giurgiuveanul.ro\/stiri\/trei-localitati-giurgiuvene-palanca-ghimpati-si-valea-dragului-vor-ramane-marti-22-august-fara-curent-electric-care-sunt-strazile-vizate-vezi-aici\/","title":{"rendered":"Trei localit\u0103\u0163i giurgiuvene: Palanca, Ghimpa\u0163i \u015fi Valea Dragului vor r\u0103m\u00e2ne mar\u0163i, 22 august, f\u0103r\u0103 curent electric! Care sunt str\u0103zile vizate VEZI AICI"},"content":{"rendered":"<p style=\"text-align: justify;\"><a href=\"https:\/\/www.giurgiuveanul.ro\/stiri\/wp-content\/uploads\/2023\/08\/E-Distributie-intreruperi-social.png\"><img loading=\"lazy\" decoding=\"async\" class=\"aligncenter  wp-image-99396\" src=\"https:\/\/www.giurgiuveanul.ro\/stiri\/wp-content\/uploads\/2023\/08\/E-Distributie-intreruperi-social-560x315.png\" alt=\"\" width=\"571\" height=\"321\" srcset=\"https:\/\/www.giurgiuveanul.ro\/stiri\/wp-content\/uploads\/2023\/08\/E-Distributie-intreruperi-social-560x315.png 560w, https:\/\/www.giurgiuveanul.ro\/stiri\/wp-content\/uploads\/2023\/08\/E-Distributie-intreruperi-social-250x141.png 250w, https:\/\/www.giurgiuveanul.ro\/stiri\/wp-content\/uploads\/2023\/08\/E-Distributie-intreruperi-social-400x225.png 400w, https:\/\/www.giurgiuveanul.ro\/stiri\/wp-content\/uploads\/2023\/08\/E-Distributie-intreruperi-social.png 666w\" sizes=\"auto, (max-width: 571px) 100vw, 571px\" \/><\/a>E-Distribu\u0163ie Muntenia<!--more--> a redus pe c\u00e2t posibil num\u0103rul \u00eentreruperilor programate pentru buna administrare \u0219i func\u021bionare a re\u021belei de distribu\u021bie a energiei electrice, pentru a minimiza disconfortul clien\u021bilor. Lucr\u0103rile au fost reduse la cele care sunt necesare. Regret\u0103m nepl\u0103cerile resim\u021bite de clien\u021bi \u00een cazurile \u00een care aceste lucr\u0103ri, efectuate pentru a preveni eventuale probleme \u00een alimentare, perturb\u0103 temporar activit\u0103\u021bile acestora.<\/p>\n<p style=\"text-align: justify;\">Urm\u0103toarele \u00eentreruperi se vor realiza pentru a asigura capacitatea re\u021belei de a func\u021biona \u0219i alimenta clien\u021bii \u00een bune condi\u021bii.<\/p>\n<table width=\"100%\">\n<tbody>\n<tr>\n<td width=\"15%\"><strong>Ziua \/ Data<\/strong><\/td>\n<td>\n<table width=\"100%\">\n<tbody>\n<tr>\n<td><strong>Localitatea, strada afectata<\/strong><\/td>\n<td width=\"15%\"><strong>Orar<\/strong><\/td>\n<\/tr>\n<\/tbody>\n<\/table>\n<\/td>\n<\/tr>\n<tr>\n<td width=\"15%\"><span style=\"color: #ff0000;\"><strong>Mar\u0163i , 22 august 2023<\/strong><\/span><\/td>\n<td>\n<table width=\"100%\">\n<tbody>\n<tr>\n<td><span style=\"color: #ff0000;\"><strong>Palanca<\/strong><\/span>, Str. Domneasca , Eugen Boureanu , Ograda , Tarina , Norilor , Gogora , Eftimiu . Gradina Boiereasca<\/td>\n<td width=\"15%\">09:00 &#8211; 17:00<\/td>\n<\/tr>\n<tr>\n<td><strong><span style=\"color: #ff0000;\">Ghimpati<\/span><\/strong>, Str Bucuresti -Alexandria , Str Eternitatii<\/td>\n<td width=\"15%\">09:00 &#8211; 17:00<\/td>\n<\/tr>\n<tr>\n<td><strong><span style=\"color: #ff0000;\">Valea Dragului<\/span><\/strong>, str. Principala, Lautarilor ,Rozelor, Zugravului, Sabarului, Toporasilor, Lunca Argesului, Dreptatii, \u00cenfundata, Stadionului, Bufetului, Bisericii, Zambile,A Daracului si strazi adiacente.<\/td>\n<td width=\"15%\">09:00 &#8211; 17:00<\/td>\n<\/tr>\n<\/tbody>\n<\/table>\n<\/td>\n<\/tr>\n<\/tbody>\n<\/table>\n","protected":false},"excerpt":{"rendered":"<p>E-Distribu\u0163ie Muntenia<\/p>\n","protected":false},"author":1,"featured_media":0,"comment_status":"open","ping_status":"open","sticky":false,"template":"","format":"standard","meta":{"footnotes":""},"categories":[6],"tags":[],"class_list":["post-99620","post","type-post","status-publish","format-standard","hentry","category-breaking-news"],"_links":{"self":[{"href":"https:\/\/www.giurgiuveanul.ro\/stiri\/wp-json\/wp\/v2\/posts\/99620","targetHints":{"allow":["GET"]}}],"collection":[{"href":"https:\/\/www.giurgiuveanul.ro\/stiri\/wp-json\/wp\/v2\/posts"}],"about":[{"href":"https:\/\/www.giurgiuveanul.ro\/stiri\/wp-json\/wp\/v2\/types\/post"}],"author":[{"embeddable":true,"href":"https:\/\/www.giurgiuveanul.ro\/stiri\/wp-json\/wp\/v2\/users\/1"}],"replies":[{"embeddable":true,"href":"https:\/\/www.giurgiuveanul.ro\/stiri\/wp-json\/wp\/v2\/comments?post=99620"}],"version-history":[{"count":0,"href":"https:\/\/www.giurgiuveanul.ro\/stiri\/wp-json\/wp\/v2\/posts\/99620\/revisions"}],"wp:attachment":[{"href":"https:\/\/www.giurgiuveanul.ro\/stiri\/wp-json\/wp\/v2\/media?parent=99620"}],"wp:term":[{"taxonomy":"category","embeddable":true,"href":"https:\/\/www.giurgiuveanul.ro\/stiri\/wp-json\/wp\/v2\/categories?post=99620"},{"taxonomy":"post_tag","embeddable":true,"href":"https:\/\/www.giurgiuveanul.ro\/stiri\/wp-json\/wp\/v2\/tags?post=99620"}],"curies":[{"name":"wp","href":"https:\/\/api.w.org\/{rel}","templated":true}]}}