{"id":99662,"date":"2023-08-23T09:15:27","date_gmt":"2023-08-23T06:15:27","guid":{"rendered":"https:\/\/www.giurgiuveanul.ro\/stiri\/?p=99662"},"modified":"2023-08-23T09:16:06","modified_gmt":"2023-08-23T06:16:06","slug":"podul-prieteniei-blocat-pe-ambele-sensuri-de-mers-ce-spun-pompierii","status":"publish","type":"post","link":"https:\/\/www.giurgiuveanul.ro\/stiri\/podul-prieteniei-blocat-pe-ambele-sensuri-de-mers-ce-spun-pompierii\/","title":{"rendered":"Podul Prieteniei, blocat pe ambele sensuri de mers. Ce spun Pompierii"},"content":{"rendered":"<p style=\"text-align: justify;\"><strong><a href=\"https:\/\/www.giurgiuveanul.ro\/stiri\/wp-content\/uploads\/2023\/08\/000-pod.jpeg\"><img loading=\"lazy\" decoding=\"async\" class=\"aligncenter wp-image-99663\" src=\"https:\/\/www.giurgiuveanul.ro\/stiri\/wp-content\/uploads\/2023\/08\/000-pod-560x409.jpeg\" alt=\"\" width=\"571\" height=\"417\" srcset=\"https:\/\/www.giurgiuveanul.ro\/stiri\/wp-content\/uploads\/2023\/08\/000-pod-560x409.jpeg 560w, https:\/\/www.giurgiuveanul.ro\/stiri\/wp-content\/uploads\/2023\/08\/000-pod-250x183.jpeg 250w, https:\/\/www.giurgiuveanul.ro\/stiri\/wp-content\/uploads\/2023\/08\/000-pod-768x562.jpeg 768w, https:\/\/www.giurgiuveanul.ro\/stiri\/wp-content\/uploads\/2023\/08\/000-pod-400x292.jpeg 400w, https:\/\/www.giurgiuveanul.ro\/stiri\/wp-content\/uploads\/2023\/08\/000-pod.jpeg 1536w\" sizes=\"auto, (max-width: 571px) 100vw, 571px\" \/><\/a>\u00cen aceast\u0103 diminea\u021b\u0103,<!--more--> pompierii au asigurat masurile de prevenire a incendiilor \u00een urma unor scurgeri de carburant de la un autotren care, din cauza unei explozii la o anvelop\u0103, a blocat ambele sensuri de mers pe Podul Prieteniei,<\/strong> informeaz\u0103 ISU Giurgiu.<\/p>\n<p><a href=\"https:\/\/www.giurgiuveanul.ro\/stiri\/wp-content\/uploads\/2023\/08\/000-pod-2.jpeg\"><img loading=\"lazy\" decoding=\"async\" class=\"aligncenter  wp-image-99665\" src=\"https:\/\/www.giurgiuveanul.ro\/stiri\/wp-content\/uploads\/2023\/08\/000-pod-2-528x450.jpeg\" alt=\"\" width=\"569\" height=\"485\" srcset=\"https:\/\/www.giurgiuveanul.ro\/stiri\/wp-content\/uploads\/2023\/08\/000-pod-2-528x450.jpeg 528w, https:\/\/www.giurgiuveanul.ro\/stiri\/wp-content\/uploads\/2023\/08\/000-pod-2-250x213.jpeg 250w, https:\/\/www.giurgiuveanul.ro\/stiri\/wp-content\/uploads\/2023\/08\/000-pod-2-768x655.jpeg 768w, https:\/\/www.giurgiuveanul.ro\/stiri\/wp-content\/uploads\/2023\/08\/000-pod-2-400x341.jpeg 400w, https:\/\/www.giurgiuveanul.ro\/stiri\/wp-content\/uploads\/2023\/08\/000-pod-2.jpeg 1536w\" sizes=\"auto, (max-width: 569px) 100vw, 569px\" \/><\/a><\/p>\n<p style=\"text-align: justify;\">\u00cen urma evenimentului, autotrenul a lovit parapetul \u0219i gardul de pe marginea drumului. Rezervorul autotrenului s-a spart.<\/p>\n<p style=\"text-align: justify;\">Din fericire, conduc\u0103torul autotrenului nu a fost r\u0103nit.<\/p>\n<p style=\"text-align: justify;\">Evenimentul s-a produs \u00een jurul orei 03:05, iar pompierii au monitorizat zona \u0219i au sablat partea carosabil\u0103, p\u00e2n\u0103 \u00een jurul orei 06:05.<\/p>\n<p style=\"text-align: justify;\">La fa\u021ba locului s-au deplasat pompierii din cadrul Deta\u0219amentului Giurgiu, cu o autospecial\u0103 de stingere \u0219i o descarcerare.<\/p>\n","protected":false},"excerpt":{"rendered":"<p>\u00cen aceast\u0103 diminea\u021b\u0103,<\/p>\n","protected":false},"author":1,"featured_media":0,"comment_status":"open","ping_status":"open","sticky":false,"template":"","format":"standard","meta":{"footnotes":""},"categories":[6],"tags":[],"class_list":["post-99662","post","type-post","status-publish","format-standard","hentry","category-breaking-news"],"_links":{"self":[{"href":"https:\/\/www.giurgiuveanul.ro\/stiri\/wp-json\/wp\/v2\/posts\/99662","targetHints":{"allow":["GET"]}}],"collection":[{"href":"https:\/\/www.giurgiuveanul.ro\/stiri\/wp-json\/wp\/v2\/posts"}],"about":[{"href":"https:\/\/www.giurgiuveanul.ro\/stiri\/wp-json\/wp\/v2\/types\/post"}],"author":[{"embeddable":true,"href":"https:\/\/www.giurgiuveanul.ro\/stiri\/wp-json\/wp\/v2\/users\/1"}],"replies":[{"embeddable":true,"href":"https:\/\/www.giurgiuveanul.ro\/stiri\/wp-json\/wp\/v2\/comments?post=99662"}],"version-history":[{"count":0,"href":"https:\/\/www.giurgiuveanul.ro\/stiri\/wp-json\/wp\/v2\/posts\/99662\/revisions"}],"wp:attachment":[{"href":"https:\/\/www.giurgiuveanul.ro\/stiri\/wp-json\/wp\/v2\/media?parent=99662"}],"wp:term":[{"taxonomy":"category","embeddable":true,"href":"https:\/\/www.giurgiuveanul.ro\/stiri\/wp-json\/wp\/v2\/categories?post=99662"},{"taxonomy":"post_tag","embeddable":true,"href":"https:\/\/www.giurgiuveanul.ro\/stiri\/wp-json\/wp\/v2\/tags?post=99662"}],"curies":[{"name":"wp","href":"https:\/\/api.w.org\/{rel}","templated":true}]}}