{"id":99671,"date":"2023-08-23T16:01:04","date_gmt":"2023-08-23T13:01:04","guid":{"rendered":"https:\/\/www.giurgiuveanul.ro\/stiri\/?p=99671"},"modified":"2023-08-23T19:00:24","modified_gmt":"2023-08-23T16:00:24","slug":"traficul-pe-podul-prieteniei-din-p-t-f-giurgiu-reluat-pentru-autoturisme-pe-o-singura-artera","status":"publish","type":"post","link":"https:\/\/www.giurgiuveanul.ro\/stiri\/traficul-pe-podul-prieteniei-din-p-t-f-giurgiu-reluat-pentru-autoturisme-pe-o-singura-artera\/","title":{"rendered":"Traficul pe Podul Prieteniei, din P.T.F. Giurgiu, reluat pentru autoturisme, pe o singur\u0103 arter\u0103"},"content":{"rendered":"<p style=\"text-align: justify;\"><a href=\"https:\/\/www.giurgiuveanul.ro\/stiri\/wp-content\/uploads\/2023\/08\/000-pod-2.jpeg\"><img loading=\"lazy\" decoding=\"async\" class=\"aligncenter wp-image-99665\" src=\"https:\/\/www.giurgiuveanul.ro\/stiri\/wp-content\/uploads\/2023\/08\/000-pod-2-528x450.jpeg\" alt=\"\" width=\"572\" height=\"487\" srcset=\"https:\/\/www.giurgiuveanul.ro\/stiri\/wp-content\/uploads\/2023\/08\/000-pod-2-528x450.jpeg 528w, https:\/\/www.giurgiuveanul.ro\/stiri\/wp-content\/uploads\/2023\/08\/000-pod-2-250x213.jpeg 250w, https:\/\/www.giurgiuveanul.ro\/stiri\/wp-content\/uploads\/2023\/08\/000-pod-2-768x655.jpeg 768w, https:\/\/www.giurgiuveanul.ro\/stiri\/wp-content\/uploads\/2023\/08\/000-pod-2-400x341.jpeg 400w, https:\/\/www.giurgiuveanul.ro\/stiri\/wp-content\/uploads\/2023\/08\/000-pod-2.jpeg 1536w\" sizes=\"auto, (max-width: 572px) 100vw, 572px\" \/><\/a>\u00cencep\u00e2nd cu ora<!--more--> 10.00, traficul pe Podul Prieteniei din P.T.F. Giurgiu a fost reluat pentru autoturisme, pe o singur\u0103 arter\u0103. Vehiculele de mici dimensiune vor circula alternativ, din ambele sensuri: pe cel de intrare, apoi pe ie\u0219ire din Rom\u00e2nia, potrivit ITPF Giurgiu.<\/p>\n<p style=\"text-align: justify;\">Traficul se desf\u0103\u0219oar\u0103, \u00een continuare cu greutate \u0219i recomand\u0103m persoanelor care inten\u021bioneaz\u0103, \u00een perioada imediat urm\u0103toare, s\u0103 ajung\u0103 \u00een Bulgaria s\u0103 evite P.T.F. Giurgiu \u0219i s\u0103 tranziteze frontiera prin celelalte puncte de frontier\u0103 deschise\u00a0 \u00een regim international cu \u021bara vecin\u0103, men\u021bionate mai sus.<\/p>\n<p><strong>UPDATE<\/strong><\/p>\n<p style=\"text-align: justify;\"><strong>\u00cencep\u00e2nd cu ora 18.20 s-au finalizat lucr\u0103rile la Podul Prieteniei, iar circula\u021bia se desf\u0103\u0219oar\u0103 pe ambele sensuri de mers.<\/strong><\/p>\n","protected":false},"excerpt":{"rendered":"<p>\u00cencep\u00e2nd cu ora<\/p>\n","protected":false},"author":1,"featured_media":0,"comment_status":"open","ping_status":"open","sticky":false,"template":"","format":"standard","meta":{"footnotes":""},"categories":[6],"tags":[],"class_list":["post-99671","post","type-post","status-publish","format-standard","hentry","category-breaking-news"],"_links":{"self":[{"href":"https:\/\/www.giurgiuveanul.ro\/stiri\/wp-json\/wp\/v2\/posts\/99671","targetHints":{"allow":["GET"]}}],"collection":[{"href":"https:\/\/www.giurgiuveanul.ro\/stiri\/wp-json\/wp\/v2\/posts"}],"about":[{"href":"https:\/\/www.giurgiuveanul.ro\/stiri\/wp-json\/wp\/v2\/types\/post"}],"author":[{"embeddable":true,"href":"https:\/\/www.giurgiuveanul.ro\/stiri\/wp-json\/wp\/v2\/users\/1"}],"replies":[{"embeddable":true,"href":"https:\/\/www.giurgiuveanul.ro\/stiri\/wp-json\/wp\/v2\/comments?post=99671"}],"version-history":[{"count":0,"href":"https:\/\/www.giurgiuveanul.ro\/stiri\/wp-json\/wp\/v2\/posts\/99671\/revisions"}],"wp:attachment":[{"href":"https:\/\/www.giurgiuveanul.ro\/stiri\/wp-json\/wp\/v2\/media?parent=99671"}],"wp:term":[{"taxonomy":"category","embeddable":true,"href":"https:\/\/www.giurgiuveanul.ro\/stiri\/wp-json\/wp\/v2\/categories?post=99671"},{"taxonomy":"post_tag","embeddable":true,"href":"https:\/\/www.giurgiuveanul.ro\/stiri\/wp-json\/wp\/v2\/tags?post=99671"}],"curies":[{"name":"wp","href":"https:\/\/api.w.org\/{rel}","templated":true}]}}