{"id":99685,"date":"2023-08-24T08:48:29","date_gmt":"2023-08-24T05:48:29","guid":{"rendered":"https:\/\/www.giurgiuveanul.ro\/stiri\/?p=99685"},"modified":"2023-08-24T08:48:29","modified_gmt":"2023-08-24T05:48:29","slug":"accident-rutier-pe-dc-108-la-ghimpati-soldat-cu-o-victima","status":"publish","type":"post","link":"https:\/\/www.giurgiuveanul.ro\/stiri\/accident-rutier-pe-dc-108-la-ghimpati-soldat-cu-o-victima\/","title":{"rendered":"ACCIDENT RUTIER pe DC 108, la Ghimpa\u0163i, soldat cu o victim\u0103"},"content":{"rendered":"<p style=\"text-align: justify;\"><a href=\"https:\/\/www.giurgiuveanul.ro\/stiri\/wp-content\/uploads\/2023\/08\/0000000000000-accident.jpeg\"><img loading=\"lazy\" decoding=\"async\" class=\"aligncenter  wp-image-99686\" src=\"https:\/\/www.giurgiuveanul.ro\/stiri\/wp-content\/uploads\/2023\/08\/0000000000000-accident-560x420.jpeg\" alt=\"\" width=\"573\" height=\"430\" srcset=\"https:\/\/www.giurgiuveanul.ro\/stiri\/wp-content\/uploads\/2023\/08\/0000000000000-accident-560x420.jpeg 560w, https:\/\/www.giurgiuveanul.ro\/stiri\/wp-content\/uploads\/2023\/08\/0000000000000-accident-250x188.jpeg 250w, https:\/\/www.giurgiuveanul.ro\/stiri\/wp-content\/uploads\/2023\/08\/0000000000000-accident-768x576.jpeg 768w, https:\/\/www.giurgiuveanul.ro\/stiri\/wp-content\/uploads\/2023\/08\/0000000000000-accident-400x300.jpeg 400w, https:\/\/www.giurgiuveanul.ro\/stiri\/wp-content\/uploads\/2023\/08\/0000000000000-accident.jpeg 1288w\" sizes=\"auto, (max-width: 573px) 100vw, 573px\" \/><\/a>Un b\u0103rbat, un v\u00e2rst\u0103 de 36 de ani, a<!--more--> avut nevoie de \u00eengrijiri medicale dup\u0103 ce autovehiculul \u00een care se afla a fost implicat \u00eentr-un accident rutier, pe DC 108 (Ghimpa\u021bi). \u00cen eveniment a fost implicat\u0103 o autoutilitar\u0103.<\/p>\n<p style=\"text-align: justify;\">\n<p style=\"text-align: justify;\">La caz s-au deplasat pompierii din cadrul Sta\u021biei Mih\u0103ile\u0219ti, cu o autospecial\u0103 de stingere, o descarcerare, dou\u0103 ambulan\u021be SMURD \u0219i SAJ.<\/p>\n<p style=\"text-align: justify;\">\n<p style=\"text-align: justify;\">Pasagerul a fost preluat de echipajul SAJ \u0219i transportat la spital.<\/p>\n<p style=\"text-align: justify;\">\n<p style=\"text-align: justify;\">Pompierii au asigurat m\u0103surile de prevenire a incendiilor prin deconectarea bornelor de la bateria autovehiculului, iar cazul a r\u0103mas \u00een aten\u021bia Poli\u021biei pentru cercet\u0103ri.<\/p>\n","protected":false},"excerpt":{"rendered":"<p>Un b\u0103rbat, un v\u00e2rst\u0103 de 36 de ani, a<\/p>\n","protected":false},"author":1,"featured_media":0,"comment_status":"open","ping_status":"open","sticky":false,"template":"","format":"standard","meta":{"footnotes":""},"categories":[6],"tags":[],"class_list":["post-99685","post","type-post","status-publish","format-standard","hentry","category-breaking-news"],"_links":{"self":[{"href":"https:\/\/www.giurgiuveanul.ro\/stiri\/wp-json\/wp\/v2\/posts\/99685","targetHints":{"allow":["GET"]}}],"collection":[{"href":"https:\/\/www.giurgiuveanul.ro\/stiri\/wp-json\/wp\/v2\/posts"}],"about":[{"href":"https:\/\/www.giurgiuveanul.ro\/stiri\/wp-json\/wp\/v2\/types\/post"}],"author":[{"embeddable":true,"href":"https:\/\/www.giurgiuveanul.ro\/stiri\/wp-json\/wp\/v2\/users\/1"}],"replies":[{"embeddable":true,"href":"https:\/\/www.giurgiuveanul.ro\/stiri\/wp-json\/wp\/v2\/comments?post=99685"}],"version-history":[{"count":0,"href":"https:\/\/www.giurgiuveanul.ro\/stiri\/wp-json\/wp\/v2\/posts\/99685\/revisions"}],"wp:attachment":[{"href":"https:\/\/www.giurgiuveanul.ro\/stiri\/wp-json\/wp\/v2\/media?parent=99685"}],"wp:term":[{"taxonomy":"category","embeddable":true,"href":"https:\/\/www.giurgiuveanul.ro\/stiri\/wp-json\/wp\/v2\/categories?post=99685"},{"taxonomy":"post_tag","embeddable":true,"href":"https:\/\/www.giurgiuveanul.ro\/stiri\/wp-json\/wp\/v2\/tags?post=99685"}],"curies":[{"name":"wp","href":"https:\/\/api.w.org\/{rel}","templated":true}]}}