{"id":99688,"date":"2023-08-24T09:35:01","date_gmt":"2023-08-24T06:35:01","guid":{"rendered":"https:\/\/www.giurgiuveanul.ro\/stiri\/?p=99688"},"modified":"2023-08-24T09:35:24","modified_gmt":"2023-08-24T06:35:24","slug":"ipj-giurgiu-cercetat-pentru-savarsirea-mai-multor-infractiuni-foto","status":"publish","type":"post","link":"https:\/\/www.giurgiuveanul.ro\/stiri\/ipj-giurgiu-cercetat-pentru-savarsirea-mai-multor-infractiuni-foto\/","title":{"rendered":"IPJ Giurgiu. Cercetat pentru s\u0103v\u00e2r\u0219irea mai multor infrac\u021biuni (FOTO)"},"content":{"rendered":"<p><strong><a href=\"https:\/\/www.giurgiuveanul.ro\/stiri\/wp-content\/uploads\/2023\/08\/0000-arestat.jpg\"><img loading=\"lazy\" decoding=\"async\" class=\"aligncenter wp-image-99689\" src=\"https:\/\/www.giurgiuveanul.ro\/stiri\/wp-content\/uploads\/2023\/08\/0000-arestat-276x450.jpg\" alt=\"\" width=\"575\" height=\"937\" srcset=\"https:\/\/www.giurgiuveanul.ro\/stiri\/wp-content\/uploads\/2023\/08\/0000-arestat-276x450.jpg 276w, https:\/\/www.giurgiuveanul.ro\/stiri\/wp-content\/uploads\/2023\/08\/0000-arestat-184x300.jpg 184w, https:\/\/www.giurgiuveanul.ro\/stiri\/wp-content\/uploads\/2023\/08\/0000-arestat-768x1252.jpg 768w, https:\/\/www.giurgiuveanul.ro\/stiri\/wp-content\/uploads\/2023\/08\/0000-arestat-942x1536.jpg 942w, https:\/\/www.giurgiuveanul.ro\/stiri\/wp-content\/uploads\/2023\/08\/0000-arestat-368x600.jpg 368w, https:\/\/www.giurgiuveanul.ro\/stiri\/wp-content\/uploads\/2023\/08\/0000-arestat.jpg 1208w\" sizes=\"auto, (max-width: 575px) 100vw, 575px\" \/><\/a>La data de 23 august a.c., ora 20.10, Poli\u021bia Municipiului Giurgiu a<!--more--> fost sesizat\u0103 prin apel 112, de c\u0103tre un b\u0103rbat, cu privire la faptul c\u0103 un vehicul este condus agresiv, din direc\u021bia Vla\u0219in c\u0103tre Ghimpa\u021bi.<\/strong><\/p>\n<p>&nbsp;<\/p>\n<p>\u00cen temeiul sesiz\u0103rii, la fa\u021ba locului s-au deplasat poli\u021bi\u0219tii Sec\u021biei nr.4 Poli\u021bie Rural\u0103 Ghimpa\u021bi, care au depistat o autoutilitar\u0103, pe D.C.108, \u00een afara localit\u0103\u021bii C\u0103mineasca, iar la semnalele regulamentare de oprire, conduc\u0103torul acesteia nu s-a conformat, continu\u00e2ndu-\u0219i deplasarea, \u0219i, ulterior, ar fi pierdut controlul asupra direc\u021biei de deplasare, intr\u00e2nd \u00eentr-un copac.<\/p>\n<p>&nbsp;<\/p>\n<p>\u00cen urma producerii evenimentului rutier, a rezultat r\u0103nirea unui b\u0103rbat, de 36 de ani, pasager pe locul din dreapta al autoutilitarei, care a fost transportat la spital, pentru acordarea de \u00eengrijiri medicale, iar conduc\u0103torul auto, un b\u0103rbat de 39 de ani, din jude\u021bul Teleorman, a p\u0103r\u0103sit locului producerii accidentului, f\u0103r\u0103 \u00eencuviin\u021barea poli\u021bi\u0219tilor.<\/p>\n<p>&nbsp;<\/p>\n<p>Acesta a fost depistat la scurt timp, \u00een localitatea Ghimpa\u021bi, iar rezultatul test\u0103rii cu aparatul drager a indicat valoarea 0.<\/p>\n<p>&nbsp;<\/p>\n<p>\u00cen urma verific\u0103rilor efectuate \u00een baza de date, a reie\u0219it faptul c\u0103 nu posed\u0103 permis de conducere pentru nicio categorie de vehicule.<\/p>\n<p>&nbsp;<\/p>\n<p>Ulterior, b\u0103rbatul a fost transportat la spital, pentru acordarea de \u00eengrijiri medicale \u0219i pentru recoltarea probelor biologice de s\u00e2nge, acesta r\u0103m\u00e2n\u00e2nd internat.<\/p>\n<p>&nbsp;<\/p>\n<p>\u00cen cauz\u0103, a fost \u00eentocmit dosar penal sub aspectul s\u0103v\u00e2r\u015firii infrac\u0163iunilor de v\u0103t\u0103mare corporal\u0103 din culp\u0103, p\u0103r\u0103sirea locului accidentului \u0219i conducerea unui vehicul pe drumurile publice f\u0103r\u0103 a poseda permis de conducere pentru nicio categorie\u00a0de\u00a0vehicule.<\/p>\n","protected":false},"excerpt":{"rendered":"<p>La data de 23 august a.c., ora 20.10, Poli\u021bia Municipiului Giurgiu a<\/p>\n","protected":false},"author":1,"featured_media":0,"comment_status":"open","ping_status":"open","sticky":false,"template":"","format":"standard","meta":{"footnotes":""},"categories":[6],"tags":[],"class_list":["post-99688","post","type-post","status-publish","format-standard","hentry","category-breaking-news"],"_links":{"self":[{"href":"https:\/\/www.giurgiuveanul.ro\/stiri\/wp-json\/wp\/v2\/posts\/99688","targetHints":{"allow":["GET"]}}],"collection":[{"href":"https:\/\/www.giurgiuveanul.ro\/stiri\/wp-json\/wp\/v2\/posts"}],"about":[{"href":"https:\/\/www.giurgiuveanul.ro\/stiri\/wp-json\/wp\/v2\/types\/post"}],"author":[{"embeddable":true,"href":"https:\/\/www.giurgiuveanul.ro\/stiri\/wp-json\/wp\/v2\/users\/1"}],"replies":[{"embeddable":true,"href":"https:\/\/www.giurgiuveanul.ro\/stiri\/wp-json\/wp\/v2\/comments?post=99688"}],"version-history":[{"count":0,"href":"https:\/\/www.giurgiuveanul.ro\/stiri\/wp-json\/wp\/v2\/posts\/99688\/revisions"}],"wp:attachment":[{"href":"https:\/\/www.giurgiuveanul.ro\/stiri\/wp-json\/wp\/v2\/media?parent=99688"}],"wp:term":[{"taxonomy":"category","embeddable":true,"href":"https:\/\/www.giurgiuveanul.ro\/stiri\/wp-json\/wp\/v2\/categories?post=99688"},{"taxonomy":"post_tag","embeddable":true,"href":"https:\/\/www.giurgiuveanul.ro\/stiri\/wp-json\/wp\/v2\/tags?post=99688"}],"curies":[{"name":"wp","href":"https:\/\/api.w.org\/{rel}","templated":true}]}}