{"id":99722,"date":"2023-08-25T15:25:53","date_gmt":"2023-08-25T12:25:53","guid":{"rendered":"https:\/\/www.giurgiuveanul.ro\/stiri\/?p=99722"},"modified":"2023-08-25T15:25:53","modified_gmt":"2023-08-25T12:25:53","slug":"doi-cetateni-straini-depistati-ascunsi-in-semiremorca-unui-ansamblu-rutier-in-punctul-de-trecere-a-frontierei-giurgiu","status":"publish","type":"post","link":"https:\/\/www.giurgiuveanul.ro\/stiri\/doi-cetateni-straini-depistati-ascunsi-in-semiremorca-unui-ansamblu-rutier-in-punctul-de-trecere-a-frontierei-giurgiu\/","title":{"rendered":"Doi cet\u0103\u021beni str\u0103ini depista\u021bi ascun\u0219i \u00een semiremorca unui ansamblu rutier, \u00een Punctul de Trecere a Frontierei Giurgiu"},"content":{"rendered":"<p style=\"text-align: justify;\"><strong><a href=\"https:\/\/www.giurgiuveanul.ro\/stiri\/wp-content\/uploads\/2023\/08\/000-migranti.jpeg\"><img loading=\"lazy\" decoding=\"async\" class=\"aligncenter  wp-image-99723\" src=\"https:\/\/www.giurgiuveanul.ro\/stiri\/wp-content\/uploads\/2023\/08\/000-migranti-560x336.jpeg\" alt=\"\" width=\"568\" height=\"341\" srcset=\"https:\/\/www.giurgiuveanul.ro\/stiri\/wp-content\/uploads\/2023\/08\/000-migranti-560x336.jpeg 560w, https:\/\/www.giurgiuveanul.ro\/stiri\/wp-content\/uploads\/2023\/08\/000-migranti-250x150.jpeg 250w, https:\/\/www.giurgiuveanul.ro\/stiri\/wp-content\/uploads\/2023\/08\/000-migranti-768x461.jpeg 768w, https:\/\/www.giurgiuveanul.ro\/stiri\/wp-content\/uploads\/2023\/08\/000-migranti-400x240.jpeg 400w, https:\/\/www.giurgiuveanul.ro\/stiri\/wp-content\/uploads\/2023\/08\/000-migranti.jpeg 1200w\" sizes=\"auto, (max-width: 568px) 100vw, 568px\" \/><\/a>Poli\u0163i\u015ftii de frontier\u0103 din cadrul Punctului de Trecere a Frontierei Giurgiu au<!--more--> depistat, \u00een urma controlului asupra\u00a0ansamblu rutier care se deplasa pe ruta Turcia-Rom\u00e2nia, doi cet\u0103\u0163eni str\u0103ini\u00a0ascun\u0219i \u00een interiorul semiremorcii.<\/strong><\/p>\n<p style=\"text-align: justify;\">\n<p style=\"text-align: justify;\">La data de 24.08.2023, \u00een jurul orei 20.50, \u00een\u00a0Punctul de Trecere a Frontierei Giurgiu, s-a prezentat pentru a intra \u00een \u021bar\u0103, un cet\u0103\u021bean bulgar, \u00een v\u00e2rst\u0103 de 57 de ani, aflat la volanul unui ansamblu rutier care transporta umera\u0219e din Turcia pentru Rom\u00e2nia.<\/p>\n<p style=\"text-align: justify;\">La controlul de frontier\u0103 efectuat asupra mijlocului de transport, poli\u021bi\u0219tii de frontier\u0103 au descoperit c\u0103 \u0219nurul asigurator al semiremorcii a fost rupt \u0219i lipit, iar \u00een interior se aflau ascunse dou\u0103 persoane de sex masculin.<\/p>\n<p style=\"text-align: justify;\">\u00cen cadrul cercet\u0103rilor, cei doi b\u0103rba\u021bi au declarat verbal c\u0103 sunt cet\u0103\u021beni de origine sirian\u0103, \u00een v\u00e2rst\u0103 de 18, respectiv 19 de ani.<\/p>\n<p style=\"text-align: justify;\">At\u00e2t persoanele \u00een cauz\u0103, \u0219oferul, precum \u0219i mijlocul de transport au fost preluate de c\u0103tre \u00a0Poli\u021bia de Frontier\u0103 Bulgar\u0103 \u00een vederea continu\u0103rii cercet\u0103rilor<em>.<\/em><\/p>\n","protected":false},"excerpt":{"rendered":"<p>Poli\u0163i\u015ftii de frontier\u0103 din cadrul Punctului de Trecere a Frontierei Giurgiu au<\/p>\n","protected":false},"author":1,"featured_media":0,"comment_status":"open","ping_status":"open","sticky":false,"template":"","format":"standard","meta":{"footnotes":""},"categories":[6],"tags":[],"class_list":["post-99722","post","type-post","status-publish","format-standard","hentry","category-breaking-news"],"_links":{"self":[{"href":"https:\/\/www.giurgiuveanul.ro\/stiri\/wp-json\/wp\/v2\/posts\/99722","targetHints":{"allow":["GET"]}}],"collection":[{"href":"https:\/\/www.giurgiuveanul.ro\/stiri\/wp-json\/wp\/v2\/posts"}],"about":[{"href":"https:\/\/www.giurgiuveanul.ro\/stiri\/wp-json\/wp\/v2\/types\/post"}],"author":[{"embeddable":true,"href":"https:\/\/www.giurgiuveanul.ro\/stiri\/wp-json\/wp\/v2\/users\/1"}],"replies":[{"embeddable":true,"href":"https:\/\/www.giurgiuveanul.ro\/stiri\/wp-json\/wp\/v2\/comments?post=99722"}],"version-history":[{"count":0,"href":"https:\/\/www.giurgiuveanul.ro\/stiri\/wp-json\/wp\/v2\/posts\/99722\/revisions"}],"wp:attachment":[{"href":"https:\/\/www.giurgiuveanul.ro\/stiri\/wp-json\/wp\/v2\/media?parent=99722"}],"wp:term":[{"taxonomy":"category","embeddable":true,"href":"https:\/\/www.giurgiuveanul.ro\/stiri\/wp-json\/wp\/v2\/categories?post=99722"},{"taxonomy":"post_tag","embeddable":true,"href":"https:\/\/www.giurgiuveanul.ro\/stiri\/wp-json\/wp\/v2\/tags?post=99722"}],"curies":[{"name":"wp","href":"https:\/\/api.w.org\/{rel}","templated":true}]}}