{"id":99729,"date":"2023-08-26T12:06:36","date_gmt":"2023-08-26T09:06:36","guid":{"rendered":"https:\/\/www.giurgiuveanul.ro\/stiri\/?p=99729"},"modified":"2023-08-26T12:07:04","modified_gmt":"2023-08-26T09:07:04","slug":"restrictie-pe-podul-prieteniei-traficul-va-fi-oprit-timp-de-patru-ore-pe-noapte-in-perioada-28-31-august","status":"publish","type":"post","link":"https:\/\/www.giurgiuveanul.ro\/stiri\/restrictie-pe-podul-prieteniei-traficul-va-fi-oprit-timp-de-patru-ore-pe-noapte-in-perioada-28-31-august\/","title":{"rendered":"Restric\u021bie pe Podul Prieteniei: Traficul va fi oprit timp de patru ore pe noapte, \u00een perioada 28-31 august!"},"content":{"rendered":"<p style=\"text-align: justify;\"><strong><a href=\"https:\/\/www.giurgiuveanul.ro\/stiri\/wp-content\/uploads\/2023\/08\/0000-bulgaria.png\"><img loading=\"lazy\" decoding=\"async\" class=\"aligncenter wp-image-99730\" src=\"https:\/\/www.giurgiuveanul.ro\/stiri\/wp-content\/uploads\/2023\/08\/0000-bulgaria-560x336.png\" alt=\"\" width=\"576\" height=\"346\" srcset=\"https:\/\/www.giurgiuveanul.ro\/stiri\/wp-content\/uploads\/2023\/08\/0000-bulgaria-560x336.png 560w, https:\/\/www.giurgiuveanul.ro\/stiri\/wp-content\/uploads\/2023\/08\/0000-bulgaria-250x150.png 250w, https:\/\/www.giurgiuveanul.ro\/stiri\/wp-content\/uploads\/2023\/08\/0000-bulgaria-400x240.png 400w, https:\/\/www.giurgiuveanul.ro\/stiri\/wp-content\/uploads\/2023\/08\/0000-bulgaria.png 640w\" sizes=\"auto, (max-width: 576px) 100vw, 576px\" \/><\/a>\u00cen perioada 28-31 august,<!--more--> \u00een fiecare noapte, \u00eentre orele 22:00 \u015fi 02:00, circula\u0163ia rutier\u0103 pe Podul Prieteniei, dintre Giurgiu \u015fi Ruse, va fi oprit\u0103, pentru efectuarea unor lucr\u0103ri de repara\u0163ii urgente la rosturile \u015fi panourile de beton ale structurii podului.<\/strong><\/p>\n<p style=\"text-align: justify;\"><strong><span style=\"color: #ff0000;\">\u00cen perioada restric\u0163iei, toate tipurile de vehicule vor fi oprite s\u0103 traverseze \u00een ambele sensuri. <\/span><\/strong><\/p>\n<p style=\"text-align: justify;\">Agen\u0163ia de Infrastructur\u0103 Rutier\u0103 din Bulgaria (RIA) \u015fi-a cerut scuze \u015foferilor pentru disconfort \u0219i men\u021bioneaz\u0103 c\u0103 lucr\u0103rile de repara\u0163ii \u015fi reabilitare sunt necesare pentru a asigura deplasarea \u00een siguran\u0163\u0103.<\/p>\n<p style=\"text-align: justify;\">RIA a informat c\u0103 p\u00e2n\u0103 la sf\u00e2r\u015fitul lunii ar urma s\u0103 fie anun\u0163at\u0103 o licita\u0163ie public\u0103 pentru renovarea cuprinz\u0103toare a Podului peste Dun\u0103re, de pe partea bulgar\u0103. Agen\u0163ia a subliniat c\u0103 p\u00e2n\u0103 acum nu a fost realizat\u0103 nicio repara\u0163ie major\u0103 a podului. Rosturile au fost consolidate \u00een urm\u0103 cu mai bine de 22 de ani, \u00een timp ce hidroizola\u021bia \u015fi pavajul de asfalt au fost \u00eenlocuite \u00een 2011.<\/p>\n","protected":false},"excerpt":{"rendered":"<p>\u00cen perioada 28-31 august,<\/p>\n","protected":false},"author":1,"featured_media":0,"comment_status":"open","ping_status":"open","sticky":false,"template":"","format":"standard","meta":{"footnotes":""},"categories":[6],"tags":[],"class_list":["post-99729","post","type-post","status-publish","format-standard","hentry","category-breaking-news"],"_links":{"self":[{"href":"https:\/\/www.giurgiuveanul.ro\/stiri\/wp-json\/wp\/v2\/posts\/99729","targetHints":{"allow":["GET"]}}],"collection":[{"href":"https:\/\/www.giurgiuveanul.ro\/stiri\/wp-json\/wp\/v2\/posts"}],"about":[{"href":"https:\/\/www.giurgiuveanul.ro\/stiri\/wp-json\/wp\/v2\/types\/post"}],"author":[{"embeddable":true,"href":"https:\/\/www.giurgiuveanul.ro\/stiri\/wp-json\/wp\/v2\/users\/1"}],"replies":[{"embeddable":true,"href":"https:\/\/www.giurgiuveanul.ro\/stiri\/wp-json\/wp\/v2\/comments?post=99729"}],"version-history":[{"count":0,"href":"https:\/\/www.giurgiuveanul.ro\/stiri\/wp-json\/wp\/v2\/posts\/99729\/revisions"}],"wp:attachment":[{"href":"https:\/\/www.giurgiuveanul.ro\/stiri\/wp-json\/wp\/v2\/media?parent=99729"}],"wp:term":[{"taxonomy":"category","embeddable":true,"href":"https:\/\/www.giurgiuveanul.ro\/stiri\/wp-json\/wp\/v2\/categories?post=99729"},{"taxonomy":"post_tag","embeddable":true,"href":"https:\/\/www.giurgiuveanul.ro\/stiri\/wp-json\/wp\/v2\/tags?post=99729"}],"curies":[{"name":"wp","href":"https:\/\/api.w.org\/{rel}","templated":true}]}}