{"id":9973,"date":"2013-12-14T08:31:44","date_gmt":"2013-12-14T06:31:44","guid":{"rendered":"https:\/\/www.giurgiuveanul.ro\/stiri\/?p=9973"},"modified":"2013-12-14T18:40:05","modified_gmt":"2013-12-14T16:40:05","slug":"la-multi-ani-domnule-deputat-florian-nicolae-2","status":"publish","type":"post","link":"https:\/\/www.giurgiuveanul.ro\/stiri\/la-multi-ani-domnule-deputat-florian-nicolae-2\/","title":{"rendered":"La Mul\u0163i Ani, domnule deputat Florian Nicolae!"},"content":{"rendered":"<p style=\"text-align: justify;\" align=\"center\"><a href=\"https:\/\/www.giurgiuveanul.ro\/stiri\/wp-content\/uploads\/2013\/12\/Nicolae-Florian-conferinta-presa-GIURGIUVEANUL1.jpg\"><img loading=\"lazy\" decoding=\"async\" class=\"aligncenter size-large wp-image-9977\" alt=\"Nicolae-Florian-conferinta-presa-GIURGIUVEANUL\" src=\"https:\/\/www.giurgiuveanul.ro\/stiri\/wp-content\/uploads\/2013\/12\/Nicolae-Florian-conferinta-presa-GIURGIUVEANUL1-560x278.jpg\" width=\"560\" height=\"278\" srcset=\"https:\/\/www.giurgiuveanul.ro\/stiri\/wp-content\/uploads\/2013\/12\/Nicolae-Florian-conferinta-presa-GIURGIUVEANUL1-560x278.jpg 560w, https:\/\/www.giurgiuveanul.ro\/stiri\/wp-content\/uploads\/2013\/12\/Nicolae-Florian-conferinta-presa-GIURGIUVEANUL1-250x124.jpg 250w, https:\/\/www.giurgiuveanul.ro\/stiri\/wp-content\/uploads\/2013\/12\/Nicolae-Florian-conferinta-presa-GIURGIUVEANUL1-400x199.jpg 400w, https:\/\/www.giurgiuveanul.ro\/stiri\/wp-content\/uploads\/2013\/12\/Nicolae-Florian-conferinta-presa-GIURGIUVEANUL1.jpg 800w\" sizes=\"auto, (max-width: 560px) 100vw, 560px\" \/><\/a>Ast\u0103zi este ziua de na\u015ftere a deputatului de Giurgiu Florian Nicolae. \u00cei ur\u0103m din tot sufletul &#8222;La Mul\u0163i Ani&#8217;! S\u0103 <!--more-->fi\u0163i a\u015fa cum sunte\u0163i, profund implicat \u00een via\u0163a comunit\u0103\u0163ii, al\u0103turi de giurgiuveni \u015fi la bine \u015fi la r\u0103u, politicianul care are permanent u\u015fa deschis\u0103 pentru cet\u0103\u0163eni \u015fi care reu\u015fe\u015fte s\u0103 redea semenilor \u00eencrederea!<\/p>\n<p style=\"text-align: justify;\" align=\"center\">Pentru c\u0103 ast\u0103zi \u00eemplini\u0163i 53 de ani \u015fi s\u0103rb\u0103torile de iarn\u0103 bat la u\u015f\u0103, redaca\u0163ia cotidianului GIURGIUVEANUL v\u0103 transmite ur\u0103ri de bine al\u0103turi de cele ale familiei, rudelor, colegilor \u015fi cunoscu\u0163ilor \u015fi v\u0103 dorim un c\u0103lduros LA MUL\u0162I ANI \u015fi S\u0102RB\u0102TORI FERICITE!<\/p>\n","protected":false},"excerpt":{"rendered":"<p>Ast\u0103zi este ziua de na\u015ftere a deputatului de Giurgiu Florian Nicolae. \u00cei ur\u0103m din tot sufletul &#8222;La Mul\u0163i Ani&#8217;! S\u0103<\/p>\n","protected":false},"author":2,"featured_media":0,"comment_status":"open","ping_status":"open","sticky":false,"template":"","format":"standard","meta":{"footnotes":""},"categories":[16],"tags":[],"class_list":["post-9973","post","type-post","status-publish","format-standard","hentry","category-astazi-e-ziua-ta"],"_links":{"self":[{"href":"https:\/\/www.giurgiuveanul.ro\/stiri\/wp-json\/wp\/v2\/posts\/9973","targetHints":{"allow":["GET"]}}],"collection":[{"href":"https:\/\/www.giurgiuveanul.ro\/stiri\/wp-json\/wp\/v2\/posts"}],"about":[{"href":"https:\/\/www.giurgiuveanul.ro\/stiri\/wp-json\/wp\/v2\/types\/post"}],"author":[{"embeddable":true,"href":"https:\/\/www.giurgiuveanul.ro\/stiri\/wp-json\/wp\/v2\/users\/2"}],"replies":[{"embeddable":true,"href":"https:\/\/www.giurgiuveanul.ro\/stiri\/wp-json\/wp\/v2\/comments?post=9973"}],"version-history":[{"count":0,"href":"https:\/\/www.giurgiuveanul.ro\/stiri\/wp-json\/wp\/v2\/posts\/9973\/revisions"}],"wp:attachment":[{"href":"https:\/\/www.giurgiuveanul.ro\/stiri\/wp-json\/wp\/v2\/media?parent=9973"}],"wp:term":[{"taxonomy":"category","embeddable":true,"href":"https:\/\/www.giurgiuveanul.ro\/stiri\/wp-json\/wp\/v2\/categories?post=9973"},{"taxonomy":"post_tag","embeddable":true,"href":"https:\/\/www.giurgiuveanul.ro\/stiri\/wp-json\/wp\/v2\/tags?post=9973"}],"curies":[{"name":"wp","href":"https:\/\/api.w.org\/{rel}","templated":true}]}}