{"id":99733,"date":"2023-08-26T13:06:29","date_gmt":"2023-08-26T10:06:29","guid":{"rendered":"https:\/\/www.giurgiuveanul.ro\/stiri\/?p=99733"},"modified":"2023-08-26T13:14:17","modified_gmt":"2023-08-26T10:14:17","slug":"astazi-si-maine-avem-cod-portcoaliu-de-canicula-in-judetul-giurgiu","status":"publish","type":"post","link":"https:\/\/www.giurgiuveanul.ro\/stiri\/astazi-si-maine-avem-cod-portcoaliu-de-canicula-in-judetul-giurgiu\/","title":{"rendered":"Ast\u0103zi \u0219i m\u00e2ine avem COD PORTCOALIU de canicul\u0103, \u00een jude\u021bul Giurgiu"},"content":{"rendered":"<p style=\"text-align: justify;\"><strong><a href=\"https:\/\/www.giurgiuveanul.ro\/stiri\/wp-content\/uploads\/2023\/08\/00000-cod-portocali-weekend.jpg\"><img loading=\"lazy\" decoding=\"async\" class=\"aligncenter wp-image-99734\" src=\"https:\/\/www.giurgiuveanul.ro\/stiri\/wp-content\/uploads\/2023\/08\/00000-cod-portocali-weekend-537x450.jpg\" alt=\"\" width=\"574\" height=\"481\" srcset=\"https:\/\/www.giurgiuveanul.ro\/stiri\/wp-content\/uploads\/2023\/08\/00000-cod-portocali-weekend-537x450.jpg 537w, https:\/\/www.giurgiuveanul.ro\/stiri\/wp-content\/uploads\/2023\/08\/00000-cod-portocali-weekend-250x210.jpg 250w, https:\/\/www.giurgiuveanul.ro\/stiri\/wp-content\/uploads\/2023\/08\/00000-cod-portocali-weekend-768x644.jpg 768w, https:\/\/www.giurgiuveanul.ro\/stiri\/wp-content\/uploads\/2023\/08\/00000-cod-portocali-weekend-400x335.jpg 400w, https:\/\/www.giurgiuveanul.ro\/stiri\/wp-content\/uploads\/2023\/08\/00000-cod-portocali-weekend.jpg 940w\" sizes=\"auto, (max-width: 574px) 100vw, 574px\" \/><\/a>Conform meteorologilor, indicele temperatur\u0103 &#8211; umezeal\u0103 se va situa peste pragul critic de 80 de unit\u0103\u021bi. Temperaturile maxime vor ajunge ast\u0103zi p\u00e2n\u0103 la valoarea de<!--more--> 38 de grade, iar \u00een ultima zi a s\u0103pt\u0103m\u00e2nii vor atinge chiar 39 de grade.<\/strong><\/p>\n<p style=\"text-align: justify;\">\u2139\ufe0f Cum s\u0103 face\u021bi fa\u0163\u0103 c\u0103ldurii?<\/p>\n<p style=\"text-align: justify;\">\ud83d\udd38 \ufe0f\ufe0fefectua\u0163i deplas\u0103ri \u00een primele ore ale dimine\u0163ii sau seara, pe c\u00e2t posibil prin zone umbrite, altern\u00e2nd deplasarea cu repausul;<\/p>\n<p style=\"text-align: justify;\">\ud83d\udd39 \ufe0fevita\u0163i aglomera\u0163iile, expunerea la soare, efortul fizic intens \u00eentre orele 11:00-18:00;<\/p>\n<p style=\"text-align: justify;\">\ud83d\udd38\ufe0f p\u0103stra\u0163i leg\u0103tura cu persoanele \u00een v\u00e2rst\u0103 din familia dumneavoastr\u0103, interesa\u021bi-v\u0103 de starea de s\u0103n\u0103tate a acestora \u015fi oferi\u0163i-le asisten\u0163\u0103 la nevoie;<\/p>\n<p style=\"text-align: justify;\">\ud83d\udd39\ufe0f nu l\u0103sa\u0163i copiii \/ animalele de companie singuri\/singure \u00een autoturisme;<\/p>\n<p style=\"text-align: justify;\">\ud83d\udd38\ufe0f be\u021bi suficient\u0103 ap\u0103 pentru a v\u0103 hidrata;<\/p>\n<p style=\"text-align: justify;\">\ud83d\udd39 \ufe0fpurta\u0163i p\u0103l\u0103rii de soare, haine lejere de culori deschise;<\/p>\n<p style=\"text-align: justify;\">\ud83d\udd38 \ufe0f\ufe0fevita\u021bi expunerea prelungit\u0103 la soare;<\/p>\n<p style=\"text-align: justify;\">\ud83d\udd39 \ufe0fconsuma\u0163i fructe \u0219i legume proaspete.<\/p>\n<p style=\"text-align: justify;\">\u2757\ufe0fATEN\u021aIE:<\/p>\n<p style=\"text-align: justify;\">\u2714\ufe0f restric\u021biona\u021bi orice activitate din care ar putea rezulta producerea unui incendiu;<\/p>\n<p style=\"text-align: justify;\">\u2714\ufe0fnu utiliza\u021bi focul deschis \u00een zonele cu vegeta\u021bie uscat\u0103, la distan\u021be mici fa\u021b\u0103 de locurile cu pericol de explozie sau de materiale combustibile;<\/p>\n<p style=\"text-align: justify;\">\u2714\ufe0fnu expune\u021bi la soare sau \u00een zone supra\u00eenc\u0103lzite recipiente sau rezervoare ce con\u021bin lichide inflamabile sau gaze sub presiune;<\/p>\n<p style=\"text-align: justify;\">\u2714\ufe0fpreg\u0103ti\u021bi hrana prin utilizarea focului deschis doar \u00een locurile special amenajate, \u00een condi\u021bii \u0219i la distan\u021be care s\u0103 nu permit\u0103 propagarea focului la construc\u021bii, depozite, culturi agricole, p\u0103duri, planta\u021bii sau la alte vecin\u0103t\u0103\u021bi;<\/p>\n<p style=\"text-align: justify;\">\u2714\ufe0fnu arunca\u021bi \u021big\u0103rile nestinse \u00een apropierea vegeta\u021biei uscate;<\/p>\n<p style=\"text-align: justify;\">\u2714\ufe0fnu l\u0103sa\u021bi copiii nesupraveghea\u021bi, cu mijloace ce pot produce aprinderea.<\/p>\n<p style=\"text-align: justify;\">Intra\u021bi pe Platforma Na\u021bional\u0103 de Preg\u0103tire pentru Situa\u021bii de Urgen\u021b\u0103 &#8222;FII preg\u0103tit&#8221; \u015fi consulta\u021bi ghidurile din rubrica &#8222;Fenomene meteo extreme&#8221;.<\/p>\n<p style=\"text-align: justify;\">CANICUL\u0102: <a href=\"https:\/\/fiipregatit.ro\/ghid\/canicula\/\">https:\/\/fiipregatit.ro\/ghid\/canicula\/<\/a><\/p>\n","protected":false},"excerpt":{"rendered":"<p>Conform meteorologilor, indicele temperatur\u0103 &#8211; umezeal\u0103 se va situa peste pragul critic de 80 de unit\u0103\u021bi. Temperaturile maxime vor ajunge ast\u0103zi p\u00e2n\u0103 la valoarea de<\/p>\n","protected":false},"author":1,"featured_media":0,"comment_status":"open","ping_status":"open","sticky":false,"template":"","format":"standard","meta":{"footnotes":""},"categories":[6],"tags":[],"class_list":["post-99733","post","type-post","status-publish","format-standard","hentry","category-breaking-news"],"_links":{"self":[{"href":"https:\/\/www.giurgiuveanul.ro\/stiri\/wp-json\/wp\/v2\/posts\/99733","targetHints":{"allow":["GET"]}}],"collection":[{"href":"https:\/\/www.giurgiuveanul.ro\/stiri\/wp-json\/wp\/v2\/posts"}],"about":[{"href":"https:\/\/www.giurgiuveanul.ro\/stiri\/wp-json\/wp\/v2\/types\/post"}],"author":[{"embeddable":true,"href":"https:\/\/www.giurgiuveanul.ro\/stiri\/wp-json\/wp\/v2\/users\/1"}],"replies":[{"embeddable":true,"href":"https:\/\/www.giurgiuveanul.ro\/stiri\/wp-json\/wp\/v2\/comments?post=99733"}],"version-history":[{"count":0,"href":"https:\/\/www.giurgiuveanul.ro\/stiri\/wp-json\/wp\/v2\/posts\/99733\/revisions"}],"wp:attachment":[{"href":"https:\/\/www.giurgiuveanul.ro\/stiri\/wp-json\/wp\/v2\/media?parent=99733"}],"wp:term":[{"taxonomy":"category","embeddable":true,"href":"https:\/\/www.giurgiuveanul.ro\/stiri\/wp-json\/wp\/v2\/categories?post=99733"},{"taxonomy":"post_tag","embeddable":true,"href":"https:\/\/www.giurgiuveanul.ro\/stiri\/wp-json\/wp\/v2\/tags?post=99733"}],"curies":[{"name":"wp","href":"https:\/\/api.w.org\/{rel}","templated":true}]}}