{"id":99738,"date":"2023-08-26T17:56:29","date_gmt":"2023-08-26T14:56:29","guid":{"rendered":"https:\/\/www.giurgiuveanul.ro\/stiri\/?p=99738"},"modified":"2023-08-26T18:04:25","modified_gmt":"2023-08-26T15:04:25","slug":"in-aceste-momente-scafandrii-din-cadrul-isu-giurgiu-cauta-un-barbat-care-se-afla-la-pescuit-si-a-disparut","status":"publish","type":"post","link":"https:\/\/www.giurgiuveanul.ro\/stiri\/in-aceste-momente-scafandrii-din-cadrul-isu-giurgiu-cauta-un-barbat-care-se-afla-la-pescuit-si-a-disparut\/","title":{"rendered":"\u00cen aceste momente, scafandrii din cadrul ISU Giurgiu c\u0103ut\u0103 un b\u0103rbat care se afla la pescuit \u015fi a disp\u0103rut"},"content":{"rendered":"<p style=\"text-align: justify;\"><a href=\"https:\/\/www.giurgiuveanul.ro\/stiri\/wp-content\/uploads\/2023\/08\/0000-inecat.jpeg\"><img loading=\"lazy\" decoding=\"async\" class=\"aligncenter wp-image-99739\" src=\"https:\/\/www.giurgiuveanul.ro\/stiri\/wp-content\/uploads\/2023\/08\/0000-inecat-421x450.jpeg\" alt=\"\" width=\"563\" height=\"602\" srcset=\"https:\/\/www.giurgiuveanul.ro\/stiri\/wp-content\/uploads\/2023\/08\/0000-inecat-421x450.jpeg 421w, https:\/\/www.giurgiuveanul.ro\/stiri\/wp-content\/uploads\/2023\/08\/0000-inecat-250x267.jpeg 250w, https:\/\/www.giurgiuveanul.ro\/stiri\/wp-content\/uploads\/2023\/08\/0000-inecat-768x821.jpeg 768w, https:\/\/www.giurgiuveanul.ro\/stiri\/wp-content\/uploads\/2023\/08\/0000-inecat-400x428.jpeg 400w, https:\/\/www.giurgiuveanul.ro\/stiri\/wp-content\/uploads\/2023\/08\/0000-inecat.jpeg 900w\" sizes=\"auto, (max-width: 563px) 100vw, 563px\" \/><\/a>\u00cen aceste momente, scafandrii din cadrul ISU Giurgiu<!--more--> efectueaz\u0103 c\u0103ut\u0103ri \u00een apa Dun\u0103rii, \u00een zona localit\u0103\u021bii Gostinu. Un b\u0103rbat, \u00een v\u00e2rst\u0103 de aproximativ 50 de ani, care se afla la pescuit a disp\u0103rut.<\/p>\n<p style=\"text-align: justify;\">Deoarece acesta nu a fost g\u0103sit \u00een zona \u00een care se afla, a fost solcitat\u0103 interventia scafandrilor, exist\u00e2nd riscul ca b\u0103rbatul s\u0103 fi intrat \u00een ap\u0103.<\/p>\n<p style=\"text-align: justify;\">Interven\u021bia scafandrilor este \u00eengreunat\u0103 de curen\u021bii puternici din Dun\u0103re, \u00een locul \u00een care acesta pescuia.<\/p>\n<p style=\"text-align: justify;\">La fa\u021ba locului se afl\u0103 un echipaj din cadrul Serviciului Jude\u021bean de Ambulan\u021b\u0103 \u0219i echipaje de Poli\u021bie.<\/p>\n","protected":false},"excerpt":{"rendered":"<p>\u00cen aceste momente, scafandrii din cadrul ISU Giurgiu<\/p>\n","protected":false},"author":1,"featured_media":0,"comment_status":"open","ping_status":"open","sticky":false,"template":"","format":"standard","meta":{"footnotes":""},"categories":[6],"tags":[],"class_list":["post-99738","post","type-post","status-publish","format-standard","hentry","category-breaking-news"],"_links":{"self":[{"href":"https:\/\/www.giurgiuveanul.ro\/stiri\/wp-json\/wp\/v2\/posts\/99738","targetHints":{"allow":["GET"]}}],"collection":[{"href":"https:\/\/www.giurgiuveanul.ro\/stiri\/wp-json\/wp\/v2\/posts"}],"about":[{"href":"https:\/\/www.giurgiuveanul.ro\/stiri\/wp-json\/wp\/v2\/types\/post"}],"author":[{"embeddable":true,"href":"https:\/\/www.giurgiuveanul.ro\/stiri\/wp-json\/wp\/v2\/users\/1"}],"replies":[{"embeddable":true,"href":"https:\/\/www.giurgiuveanul.ro\/stiri\/wp-json\/wp\/v2\/comments?post=99738"}],"version-history":[{"count":0,"href":"https:\/\/www.giurgiuveanul.ro\/stiri\/wp-json\/wp\/v2\/posts\/99738\/revisions"}],"wp:attachment":[{"href":"https:\/\/www.giurgiuveanul.ro\/stiri\/wp-json\/wp\/v2\/media?parent=99738"}],"wp:term":[{"taxonomy":"category","embeddable":true,"href":"https:\/\/www.giurgiuveanul.ro\/stiri\/wp-json\/wp\/v2\/categories?post=99738"},{"taxonomy":"post_tag","embeddable":true,"href":"https:\/\/www.giurgiuveanul.ro\/stiri\/wp-json\/wp\/v2\/tags?post=99738"}],"curies":[{"name":"wp","href":"https:\/\/api.w.org\/{rel}","templated":true}]}}