{"id":99743,"date":"2023-08-27T12:57:34","date_gmt":"2023-08-27T09:57:34","guid":{"rendered":"https:\/\/www.giurgiuveanul.ro\/stiri\/?p=99743"},"modified":"2023-08-27T12:58:12","modified_gmt":"2023-08-27T09:58:12","slug":"isu-giurgiu-au-fost-reluate-cautarile-barbatului-disparut-ieri-in-timp-ce-se-afla-la-pescuit-pe-malul-dunarii","status":"publish","type":"post","link":"https:\/\/www.giurgiuveanul.ro\/stiri\/isu-giurgiu-au-fost-reluate-cautarile-barbatului-disparut-ieri-in-timp-ce-se-afla-la-pescuit-pe-malul-dunarii\/","title":{"rendered":"ISU Giurgiu. Au fost reluate c\u0103ut\u0103rile b\u0103rbatului disp\u0103rut ieri, \u00een timp ce se afla la pescuit, pe malul Dun\u0103rii"},"content":{"rendered":"<p style=\"text-align: justify;\"><a href=\"https:\/\/www.giurgiuveanul.ro\/stiri\/wp-content\/uploads\/2023\/08\/00000-inecat.jpg\"><img loading=\"lazy\" decoding=\"async\" class=\"aligncenter wp-image-99744\" src=\"https:\/\/www.giurgiuveanul.ro\/stiri\/wp-content\/uploads\/2023\/08\/00000-inecat-560x420.jpg\" alt=\"\" width=\"571\" height=\"429\" srcset=\"https:\/\/www.giurgiuveanul.ro\/stiri\/wp-content\/uploads\/2023\/08\/00000-inecat-560x420.jpg 560w, https:\/\/www.giurgiuveanul.ro\/stiri\/wp-content\/uploads\/2023\/08\/00000-inecat-250x188.jpg 250w, https:\/\/www.giurgiuveanul.ro\/stiri\/wp-content\/uploads\/2023\/08\/00000-inecat-768x576.jpg 768w, https:\/\/www.giurgiuveanul.ro\/stiri\/wp-content\/uploads\/2023\/08\/00000-inecat-1536x1152.jpg 1536w, https:\/\/www.giurgiuveanul.ro\/stiri\/wp-content\/uploads\/2023\/08\/00000-inecat-400x300.jpg 400w, https:\/\/www.giurgiuveanul.ro\/stiri\/wp-content\/uploads\/2023\/08\/00000-inecat.jpg 1600w\" sizes=\"auto, (max-width: 571px) 100vw, 571px\" \/><\/a>C\u0103ut\u0103rile b\u0103rbatului,<!--more-->\u00a0\u00een v\u00e2rst\u0103 de aproximativ 50 de ani, disp\u0103rut ieri, \u00een timp ce se afla la pescuit pe malul Dun\u0103rii, \u00een zona localit\u0103\u021bii Gostinu, au fost reluate, informeaz\u0103 ISU Giurgiu.<\/p>\n<p style=\"text-align: justify;\">La fa\u021ba locului s-a deplasat echipajul de scafandri, cu autospeciala de scafandri \u0219i o barc\u0103.<\/p>\n","protected":false},"excerpt":{"rendered":"<p>C\u0103ut\u0103rile b\u0103rbatului,<\/p>\n","protected":false},"author":1,"featured_media":0,"comment_status":"open","ping_status":"open","sticky":false,"template":"","format":"standard","meta":{"footnotes":""},"categories":[6],"tags":[],"class_list":["post-99743","post","type-post","status-publish","format-standard","hentry","category-breaking-news"],"_links":{"self":[{"href":"https:\/\/www.giurgiuveanul.ro\/stiri\/wp-json\/wp\/v2\/posts\/99743","targetHints":{"allow":["GET"]}}],"collection":[{"href":"https:\/\/www.giurgiuveanul.ro\/stiri\/wp-json\/wp\/v2\/posts"}],"about":[{"href":"https:\/\/www.giurgiuveanul.ro\/stiri\/wp-json\/wp\/v2\/types\/post"}],"author":[{"embeddable":true,"href":"https:\/\/www.giurgiuveanul.ro\/stiri\/wp-json\/wp\/v2\/users\/1"}],"replies":[{"embeddable":true,"href":"https:\/\/www.giurgiuveanul.ro\/stiri\/wp-json\/wp\/v2\/comments?post=99743"}],"version-history":[{"count":0,"href":"https:\/\/www.giurgiuveanul.ro\/stiri\/wp-json\/wp\/v2\/posts\/99743\/revisions"}],"wp:attachment":[{"href":"https:\/\/www.giurgiuveanul.ro\/stiri\/wp-json\/wp\/v2\/media?parent=99743"}],"wp:term":[{"taxonomy":"category","embeddable":true,"href":"https:\/\/www.giurgiuveanul.ro\/stiri\/wp-json\/wp\/v2\/categories?post=99743"},{"taxonomy":"post_tag","embeddable":true,"href":"https:\/\/www.giurgiuveanul.ro\/stiri\/wp-json\/wp\/v2\/tags?post=99743"}],"curies":[{"name":"wp","href":"https:\/\/api.w.org\/{rel}","templated":true}]}}