{"id":99748,"date":"2023-08-27T13:17:28","date_gmt":"2023-08-27T10:17:28","guid":{"rendered":"https:\/\/www.giurgiuveanul.ro\/stiri\/?p=99748"},"modified":"2023-08-27T13:17:28","modified_gmt":"2023-08-27T10:17:28","slug":"a-intrat-cu-o-autoutilitara-intr-un-autoturism-stationat-soferul-nu-avea-permis-de-conducere-si-o-alcoolemie-de-108-ml-l-alcool-pur-in-aerul-expirat","status":"publish","type":"post","link":"https:\/\/www.giurgiuveanul.ro\/stiri\/a-intrat-cu-o-autoutilitara-intr-un-autoturism-stationat-soferul-nu-avea-permis-de-conducere-si-o-alcoolemie-de-108-ml-l-alcool-pur-in-aerul-expirat\/","title":{"rendered":"A intrat cu o autoutilitar\u0103 \u00eentr-un autoturism sta\u0163ionat. \u201e\u015eoferul\u201d nu avea permis de conducere \u015fi o alcoolemie de 1,08 ml\/l alcool pur \u00een aerul expirat"},"content":{"rendered":"<p style=\"text-align: justify;\"><strong><a href=\"https:\/\/www.giurgiuveanul.ro\/stiri\/wp-content\/uploads\/2023\/08\/46976939_2218227501530086_4524661674543677440_n.jpg\"><img loading=\"lazy\" decoding=\"async\" class=\"aligncenter  wp-image-99749\" src=\"https:\/\/www.giurgiuveanul.ro\/stiri\/wp-content\/uploads\/2023\/08\/46976939_2218227501530086_4524661674543677440_n-547x450.jpg\" alt=\"\" width=\"562\" height=\"462\" srcset=\"https:\/\/www.giurgiuveanul.ro\/stiri\/wp-content\/uploads\/2023\/08\/46976939_2218227501530086_4524661674543677440_n-547x450.jpg 547w, https:\/\/www.giurgiuveanul.ro\/stiri\/wp-content\/uploads\/2023\/08\/46976939_2218227501530086_4524661674543677440_n-250x206.jpg 250w, https:\/\/www.giurgiuveanul.ro\/stiri\/wp-content\/uploads\/2023\/08\/46976939_2218227501530086_4524661674543677440_n-768x632.jpg 768w, https:\/\/www.giurgiuveanul.ro\/stiri\/wp-content\/uploads\/2023\/08\/46976939_2218227501530086_4524661674543677440_n-400x329.jpg 400w, https:\/\/www.giurgiuveanul.ro\/stiri\/wp-content\/uploads\/2023\/08\/46976939_2218227501530086_4524661674543677440_n.jpg 800w\" sizes=\"auto, (max-width: 562px) 100vw, 562px\" \/><\/a>La data de 26 august a.c., ora<!--more--> 9.20, un b\u0103rbat, de 53 de ani, din municpiul Giurgiu, afl\u00e2ndu-se la volanul unei autoutilitare, nu s-ar fi asigurat corespunz\u0103tor la plecarea de pe loc, pe strada Petre Ghelmez, din municipiul Giurgiu, intr\u00e2nd \u00een coliziune cu un autoturism care se afla sta\u021bionat pe partea dreapt\u0103 a sensului de mers, c\u0103tre strada Vlad \u021aepe\u0219,<\/strong> <em>informeaz\u0103 IPJ Giurgiu.<\/em><\/p>\n<p style=\"text-align: justify;\">\u00cen urma producerii evenimentului rutier, au rezultat doar pagube materiale.<\/p>\n<p style=\"text-align: justify;\">Fiind efectuate verific\u0103ri \u00een baza de date, a reie\u0219it faptul c\u0103 b\u0103rbatul <strong>nu posed\u0103 permis de conducere pentru nicio categorie de vehicule<\/strong>.<\/p>\n<p style=\"text-align: justify;\">\u00centruc\u00e2t emana halen\u0103 alcoolic\u0103, acesta a fost testat cu aparatul drager, care a indicat valoarea de <strong>1,08 ml\/l alcool pur \u00een aerul expirat,<\/strong> fiind condus la spital, pentru recoltarea probelor biologice de s\u00e2nge, \u00een vederea stabilirii cu exactitate a alcoolemiei.<\/p>\n<p>\u00cen cauz\u0103, a fost \u00eentocmit <strong>dosar penal sub aspectul s\u0103v\u00e2r\u0219irii infrac\u021biunilor de conducerea unui vehicul f\u0103r\u0103 a poseda permis de conducere \u0219i conducerea pe drumurile publice a unui autovehicul de c\u0103tre o persoan\u0103 care se afl\u0103 sub influen\u021ba b\u0103uturilor alcoolice<\/strong>.<\/p>\n","protected":false},"excerpt":{"rendered":"<p>La data de 26 august a.c., ora<\/p>\n","protected":false},"author":1,"featured_media":0,"comment_status":"open","ping_status":"open","sticky":false,"template":"","format":"standard","meta":{"footnotes":""},"categories":[6],"tags":[],"class_list":["post-99748","post","type-post","status-publish","format-standard","hentry","category-breaking-news"],"_links":{"self":[{"href":"https:\/\/www.giurgiuveanul.ro\/stiri\/wp-json\/wp\/v2\/posts\/99748","targetHints":{"allow":["GET"]}}],"collection":[{"href":"https:\/\/www.giurgiuveanul.ro\/stiri\/wp-json\/wp\/v2\/posts"}],"about":[{"href":"https:\/\/www.giurgiuveanul.ro\/stiri\/wp-json\/wp\/v2\/types\/post"}],"author":[{"embeddable":true,"href":"https:\/\/www.giurgiuveanul.ro\/stiri\/wp-json\/wp\/v2\/users\/1"}],"replies":[{"embeddable":true,"href":"https:\/\/www.giurgiuveanul.ro\/stiri\/wp-json\/wp\/v2\/comments?post=99748"}],"version-history":[{"count":0,"href":"https:\/\/www.giurgiuveanul.ro\/stiri\/wp-json\/wp\/v2\/posts\/99748\/revisions"}],"wp:attachment":[{"href":"https:\/\/www.giurgiuveanul.ro\/stiri\/wp-json\/wp\/v2\/media?parent=99748"}],"wp:term":[{"taxonomy":"category","embeddable":true,"href":"https:\/\/www.giurgiuveanul.ro\/stiri\/wp-json\/wp\/v2\/categories?post=99748"},{"taxonomy":"post_tag","embeddable":true,"href":"https:\/\/www.giurgiuveanul.ro\/stiri\/wp-json\/wp\/v2\/tags?post=99748"}],"curies":[{"name":"wp","href":"https:\/\/api.w.org\/{rel}","templated":true}]}}