{"id":99754,"date":"2023-08-27T14:59:30","date_gmt":"2023-08-27T11:59:30","guid":{"rendered":"https:\/\/www.giurgiuveanul.ro\/stiri\/?p=99754"},"modified":"2023-08-27T14:59:30","modified_gmt":"2023-08-27T11:59:30","slug":"isu-giurgiu-sapte-incendii-de-miriste-si-vegetatie-in-ultimele-ore","status":"publish","type":"post","link":"https:\/\/www.giurgiuveanul.ro\/stiri\/isu-giurgiu-sapte-incendii-de-miriste-si-vegetatie-in-ultimele-ore\/","title":{"rendered":"ISU Giurgiu. \u0218apte incendii de miri\u0219te \u0219i vegeta\u021bie, \u00een ultimele ore"},"content":{"rendered":"<p style=\"text-align: justify;\"><a href=\"https:\/\/www.giurgiuveanul.ro\/stiri\/wp-content\/uploads\/2023\/08\/0000-incendii-de-vegetatie-ISU-Giurgiu.jpeg\"><img loading=\"lazy\" decoding=\"async\" class=\"aligncenter  wp-image-99755\" src=\"https:\/\/www.giurgiuveanul.ro\/stiri\/wp-content\/uploads\/2023\/08\/0000-incendii-de-vegetatie-ISU-Giurgiu-560x361.jpeg\" alt=\"\" width=\"568\" height=\"366\" srcset=\"https:\/\/www.giurgiuveanul.ro\/stiri\/wp-content\/uploads\/2023\/08\/0000-incendii-de-vegetatie-ISU-Giurgiu-560x361.jpeg 560w, https:\/\/www.giurgiuveanul.ro\/stiri\/wp-content\/uploads\/2023\/08\/0000-incendii-de-vegetatie-ISU-Giurgiu-250x161.jpeg 250w, https:\/\/www.giurgiuveanul.ro\/stiri\/wp-content\/uploads\/2023\/08\/0000-incendii-de-vegetatie-ISU-Giurgiu-768x494.jpeg 768w, https:\/\/www.giurgiuveanul.ro\/stiri\/wp-content\/uploads\/2023\/08\/0000-incendii-de-vegetatie-ISU-Giurgiu-400x258.jpeg 400w, https:\/\/www.giurgiuveanul.ro\/stiri\/wp-content\/uploads\/2023\/08\/0000-incendii-de-vegetatie-ISU-Giurgiu.jpeg 1300w\" sizes=\"auto, (max-width: 568px) 100vw, 568px\" \/><\/a>Pompierii giurgiuveni au<!--more--> fost la datorie 24 de ore din 24 pentru interven\u021bia imediat\u0103 la solicit\u0103rile cet\u0103\u021benilor \u0219i gestionarea optim\u0103 a situa\u021biilor de urgen\u021b\u0103, produse la nivel local, potrivit ISU Giurgiu. \u00cen ultimele ore, ace\u0219tia au intervenit pentru stingerea a \u0219apte incendii de vegeta\u021bie uscat\u0103, \u00een\u2026 urm\u0103toarele localit\u0103\u021bi:<\/p>\n<ul style=\"text-align: justify;\">\n<li><strong>Coliba\u0219i<\/strong> &#8211; au ars vegeta\u021bie uscat\u0103 \u0219i de\u0219euri menajere, pe o suprafa\u021b\u0103 de aproximativ dou\u0103 ha. La caz s-au deplasat pompierii din cadrul Sta\u021biei Coliba\u0219i, cu o autospecial\u0103 de stingere. Cauza probabil\u0103 de producere a incendiului a fost focul deschis \u00een spa\u021bii deschise;<\/li>\n<li><strong>B\u0103neasa <\/strong>&#8211; au ars circa 400 mp de vegeta\u021bie uscat\u0103 \u0219i 500 kg de de\u0219euri menajere. La caz s-au deplasat pompierii din cadrul Deta\u0219amentului Giurgiu, cu o autospecial\u0103 de stingere. Cauza probabil\u0103 de producere a incendiului a fost focul deschis \u00een spa\u021bii deschise;<\/li>\n<li><strong>Flore\u0219ti <\/strong>&#8211; au ars circa \u0219ase ha de miri\u0219te \u0219i vegeta\u021bie uscat\u0103. La caz s-au deplasat pompierii din cadrul Deta\u0219amentului Bolintin Deal, cu o autospecial\u0103 de stingere. Cauza probabil\u0103 de producere a incendiului a fost focul deschis \u00een spa\u021bii deschise;<\/li>\n<li><strong>Isvoarele <\/strong>&#8211; au ars vegeta\u021bie uscat\u0103, l\u0103st\u0103ri\u0219 \u0219i m\u0103r\u0103cini\u0219 pe o suprafa\u021b\u0103 de aproximativ 50 ha. La caz s-au deplasat pompierii din cadrul Sta\u021biei Coliba\u0219i, Deta\u0219amentului Giurgiu \u0219i Punctului de Lucru Greaca, cu trei autospeciale de stingere. Pompierii au reu\u0219it s\u0103 limiteze propagarea incendiului la P\u0103durea Teiu\u0219. Cauza probabil\u0103 de producere a incendiului a fost focul deschis \u00een spa\u021bii deschise;<\/li>\n<li><strong>Varlaam <\/strong>&#8211; a ars vegeta\u021bie uscat\u0103, pe o suprafa\u021b\u0103 de aproximativ 50 mp. La caz s-au deplasat pompierii din cadrul Punctului de Lucru C\u0103lug\u0103reni, cu o autospecial\u0103 de stingere. Cauza probabil\u0103 de producere a incendiului a fost focul deschis \u00een spa\u021bii deschise;<\/li>\n<li><strong>Dobreni <\/strong>&#8211; au ars vegeta\u021bie uscat\u0103 \u0219i de\u0219euri menajere, pe o suprafa\u021b\u0103 de aproximativ 100 mp. La caz s-au deplasat pompierii din cadrul Punctului de Lucru C\u0103lug\u0103reni, cu o autospecial\u0103 de stingere. Cauza probabil\u0103 de producere a incendiului a fost focul deschis \u00een spa\u021bii deschise;<\/li>\n<li><strong>Gostinari <\/strong>&#8211; au ars vegeta\u021bie uscat\u0103, l\u0103st\u0103ri\u0219 \u0219i m\u0103r\u0103cini\u0219 pe o suprafa\u021b\u0103 de aproximativ 10 ha. La caz s-au deplasat pompierii din cadrul Sta\u021biei Coliba\u0219i \u0219i Punctului de Lucru C\u0103lug\u0103reni, cu trei autospeciale de stingere. Cauza probabil\u0103 de producere a incendiului a fost focul deschis \u00een spa\u021bii deschise.<\/li>\n<\/ul>\n<p style=\"text-align: justify;\">Atragem aten\u021bia asupra faptului c\u0103 folosirea focului deschis pentru igienizarea terenurilor \u0219i arderea gunoaielor, a de\u0219eurilor \u0219i a altor materiale combustibile pot avea consecin\u021be grave, at\u00e2t asupra mediului \u00eenconjur\u0103tor \u0219i a solului, c\u00e2t \u0219i asupra propriet\u0103\u021bii sau chiar vie\u021bii oamenilor. \u00cen astfel de cazuri, fl\u0103c\u0103rile se pot extinde rapid pe o suprafa\u021b\u0103 mare, iar \u00een condi\u021bii de v\u00e2nt, incendiile de vegeta\u021bie uscat\u0103 sau de de\u0219euri menajere pot deveni \u0219i mai periculoase dac\u0103 se manifest\u0103 aproape de case, de re\u021bele de electricitate sau de locuri cu pericol de explozie.<\/p>\n<p style=\"text-align: justify;\">Informa\u021bii despre modul de comportare \u00een cazul producerii unor situa\u021bii de urgen\u021b\u0103 pot fi ob\u021binute prin accesarea platformei na\u021bionale de preg\u0103tire \u00een situa\u021bii de urgen\u021b\u0103 https:\/\/fiipregatit.ro.<\/p>\n<p style=\"text-align: justify;\">\n<p style=\"text-align: center;\"><em><strong>Compartimentul Informare \u0219i Rela\u021bii Publice<\/strong><\/em><\/p>\n","protected":false},"excerpt":{"rendered":"<p>Pompierii giurgiuveni au<\/p>\n","protected":false},"author":1,"featured_media":0,"comment_status":"open","ping_status":"open","sticky":false,"template":"","format":"standard","meta":{"footnotes":""},"categories":[6],"tags":[],"class_list":["post-99754","post","type-post","status-publish","format-standard","hentry","category-breaking-news"],"_links":{"self":[{"href":"https:\/\/www.giurgiuveanul.ro\/stiri\/wp-json\/wp\/v2\/posts\/99754","targetHints":{"allow":["GET"]}}],"collection":[{"href":"https:\/\/www.giurgiuveanul.ro\/stiri\/wp-json\/wp\/v2\/posts"}],"about":[{"href":"https:\/\/www.giurgiuveanul.ro\/stiri\/wp-json\/wp\/v2\/types\/post"}],"author":[{"embeddable":true,"href":"https:\/\/www.giurgiuveanul.ro\/stiri\/wp-json\/wp\/v2\/users\/1"}],"replies":[{"embeddable":true,"href":"https:\/\/www.giurgiuveanul.ro\/stiri\/wp-json\/wp\/v2\/comments?post=99754"}],"version-history":[{"count":0,"href":"https:\/\/www.giurgiuveanul.ro\/stiri\/wp-json\/wp\/v2\/posts\/99754\/revisions"}],"wp:attachment":[{"href":"https:\/\/www.giurgiuveanul.ro\/stiri\/wp-json\/wp\/v2\/media?parent=99754"}],"wp:term":[{"taxonomy":"category","embeddable":true,"href":"https:\/\/www.giurgiuveanul.ro\/stiri\/wp-json\/wp\/v2\/categories?post=99754"},{"taxonomy":"post_tag","embeddable":true,"href":"https:\/\/www.giurgiuveanul.ro\/stiri\/wp-json\/wp\/v2\/tags?post=99754"}],"curies":[{"name":"wp","href":"https:\/\/api.w.org\/{rel}","templated":true}]}}