{"id":99757,"date":"2023-08-27T15:36:24","date_gmt":"2023-08-27T12:36:24","guid":{"rendered":"https:\/\/www.giurgiuveanul.ro\/stiri\/?p=99757"},"modified":"2023-08-27T15:40:24","modified_gmt":"2023-08-27T12:40:24","slug":"cum-poti-trata-depresia-fara-medicamente","status":"publish","type":"post","link":"https:\/\/www.giurgiuveanul.ro\/stiri\/cum-poti-trata-depresia-fara-medicamente\/","title":{"rendered":"Cum po\u021bi trata depresia f\u0103r\u0103 medicamente"},"content":{"rendered":"<p style=\"text-align: justify;\"><strong><a href=\"https:\/\/www.giurgiuveanul.ro\/stiri\/wp-content\/uploads\/2023\/08\/thumbnail-11.jpeg\"><img loading=\"lazy\" decoding=\"async\" class=\"aligncenter wp-image-99758\" src=\"https:\/\/www.giurgiuveanul.ro\/stiri\/wp-content\/uploads\/2023\/08\/thumbnail-11-560x412.jpeg\" alt=\"\" width=\"571\" height=\"420\" srcset=\"https:\/\/www.giurgiuveanul.ro\/stiri\/wp-content\/uploads\/2023\/08\/thumbnail-11-560x412.jpeg 560w, https:\/\/www.giurgiuveanul.ro\/stiri\/wp-content\/uploads\/2023\/08\/thumbnail-11-250x184.jpeg 250w, https:\/\/www.giurgiuveanul.ro\/stiri\/wp-content\/uploads\/2023\/08\/thumbnail-11-768x565.jpeg 768w, https:\/\/www.giurgiuveanul.ro\/stiri\/wp-content\/uploads\/2023\/08\/thumbnail-11-400x294.jpeg 400w, https:\/\/www.giurgiuveanul.ro\/stiri\/wp-content\/uploads\/2023\/08\/thumbnail-11.jpeg 1080w\" sizes=\"auto, (max-width: 571px) 100vw, 571px\" \/><\/a>Privind dincolo de z\u00e2mbetele for\u021bate \u0219i aparen\u021bele exterioare, depresia<!--more--> r\u0103m\u00e2ne adesea o problem\u0103 t\u0103cut\u0103 \u0219i pentru mul\u021bi indivizi, o lupt\u0103 ascuns\u0103. Depresia \u00eenseamn\u0103 mai mult dec\u00e2t s\u0103 te sim\u021bi nefericit sau obosit pentru c\u00e2teva zile, ci vorbim despre st\u0103ri de triste\u021be, pierdere sau furie care interfereaz\u0103 cu activit\u0103\u021bile de zi cu zi ale unei persoane \u00een episoade intense care pot dura de la c\u00e2teva zile la c\u00e2teva luni.<\/strong><\/p>\n<p style=\"text-align: justify;\">Organiza\u021bia Mondial\u0103 a S\u0103n\u0103t\u0103\u021bii estimeaz\u0103 c\u0103 peste 40 de milioane de persoane din Uniunea European\u0103 sufer\u0103 de depresie, echivalentul a 5% din popula\u021bie. \u00cen ultima perioad\u0103, efectele psihologice ale pandemiei cauzat\u0103 de COVID-19 au determinat o cre\u0219tere masiv\u0103 la nivel global a inciden\u021bei anxiet\u0103\u021bii \u0219i depresiei, cu 25% doar \u00een primul an de pandemie.<\/p>\n<p style=\"text-align: justify;\">Cu toate c\u0103 exist\u0103 tratament medicamentos pentru a \u00eenl\u0103tura st\u0103rile de depresie, <a href=\"https:\/\/putereamintii.ro\">Eugen Popa<\/a> \u2013 <em>pre\u015fedintele Asocia\u0163iei Rom\u00e2ne de Hipnoz\u0103<\/em> &#8211; afirm\u0103 c\u0103 medicamentele trateaz\u0103 doar aspectul somatic al bolii, \u015fi nu cauza psihologic\u0103 primar\u0103 care a condus la aceast\u0103 condi\u0163ie \u2013 \u201c<em>Depresia este o problem\u0103 complex\u0103, care necesit\u0103 o abordare holistic\u0103 pentru a putea fi gestionat\u0103 eficient. Este esen\u021bial s\u0103 se con\u0219tientizeze c\u0103 depresia nu este doar o stare de triste\u021be trec\u0103toare, ci o afec\u021biune medical\u0103 real\u0103, care necesit\u0103 sprijin \u0219i tratament adecvat. Po\u021bi s\u0103 ac\u021bionezi pe mai multe planuri odat\u0103 \u0219i, cu c\u00e2t implici mai multe direc\u021bii de manifestare, cu at\u00e2t mai rapid \u0219i profund va fi rezultatul!<\/em>&#8222;<\/p>\n<p style=\"text-align: justify;\">Eugen Popa recomand\u0103 o abordare integrat\u0103, care s\u0103 includ\u0103 at\u00e2t terapia individual\u0103, c\u00e2t \u0219i diverse tehnici complementare, cum ar fi hipnoterapia. \u201c<em>Depresia poate fi privit\u0103 ca o reac\u021bie sau r\u0103spuns biologic \u0219i neuro-chimic precum \u0219i ca o manifestare psihic\u0103 \u0219i emo\u021bional\u0103. Ac\u021bion\u00e2nd asupra uneia dintre aceste componente, po\u021bi genera o reac\u021bie de re-echilibrare \u0219i armonie interioar\u0103 care se manifest\u0103 pe toate planurile. Medicina alopat\u0103 se focalizeaz\u0103 exclusiv pe aspectul chimic \u0219i caut\u0103 s\u0103 restabileasc\u0103 s\u0103n\u0103tatea doar din punct de vedere bio-chimic. Cu toate acestea, exist\u0103 \u0219i alte metode complementare, \u00een unele cazuri cu mult mai eficiente dec\u00e2t tratarea medicamentoas\u0103 a depresiei \u0219i cu rezultate pe perioade mult mai \u00eendelungate de timp\u201d.<\/em><\/p>\n<p style=\"text-align: justify;\">Hipnoza este un instrument eficient \u00een tratarea depresiei, care poate fi folosit pentru a explora, a \u00een\u021belege \u0219i a transforma emo\u021biile \u0219i g\u00e2ndurile asociate cu aceast\u0103 afec\u021biune. <a href=\"https:\/\/putereamintii.ro\">Eugen Popa<\/a> spune despre hipnoz\u0103 c\u0103 este \u201c<em>arta de a intra \u00een acel spa\u0163iu subcon\u015ftient, unde se afl\u0103 stocat\u0103 o mare parte a memoriei noastre, cu toate g\u00e2ndurile, credin\u021bele \u0219i convingerile negative care ne limiteaz\u0103 calea spre via\u021ba pe care o merit\u0103m. Toat\u0103 m\u0103iestria este s\u0103 intri \u00een acel spa\u0163iu unde po\u021bi aduce lumin\u0103, claritate, \u00een\u021belegere, vindecare.\u201d<\/em><\/p>\n<p style=\"text-align: justify;\">Prin intermediul tehnicilor hipnotice, terapeutul poate ghida pacientul \u00eentr-o stare de relaxare profund\u0103, cunoscut\u0103 sub numele de trans\u0103 hipnotic\u0103. \u00cen timpul acestei st\u0103ri, persoana devine foarte receptiv\u0103 la sugestii\u00a0 \u0219i poate ajunge la r\u0103d\u0103cina problemelor emo\u021bionale care stau la baza depresiei. Terapeutul folose\u0219te apoi tehnici specifice pentru a schimba g\u00e2ndurile\u00a0 \u0219i comportamentele autodistructive ale pacientului, sus\u021bin\u00e2nd astfel vindecarea.<\/p>\n<p style=\"text-align: justify;\"><em>\u201e<\/em><em>Pentru a putea rezolva orice problem\u0103 pe care o ai este nevoie s\u0103 descoperi \u0219i s\u0103 rezolvi cauza, s\u0103 schimbi percep\u021bia, tr\u0103irea \u0219i atitudinea pe care le ai fa\u021b\u0103 de acele momente\u201d<\/em> \u2013 Eugen Popa, Asocia\u021bia Rom\u00e2n\u0103 de Hipnoz\u0103.<\/p>\n<p style=\"text-align: justify;\"><em>Eugen Popa este unul dintre cei mai cunoscu\u0163i \u015fi bine preg\u0103ti\u0163i traineri din Rom\u00e2nia \u015fi pre\u015fedintele Asocia\u0163iei Rom\u00e2ne de Hipnoz\u0103. De-a lungul carierei s-a specializat at\u00e2t \u00een metode de terapie \u0219i dezvoltare personal\u0103 Occidentale (Hipnoz\u0103, NLP, Mindset, Habits, Psihologie Pozitiv\u0103) c\u00e2t \u0219i Orientale (Medita\u021bie, Yoga, Spiritualitate), fiind ast\u0103zi un trainer holistic \u00een toat\u0103 puterea cuv\u00e2ntului. Studiile sale l-au purtat pe trei continente, \u00een Europa, Asia \u0219i Statele Unite, iar p\u00e2n\u0103 \u00een prezent a sus\u0163inut conferin\u0163e, traininguri \u015fi workshop-uri \u00een Thailanda, Statele Unite ale Americii, Brazilia, Turcia, Grecia, Anglia, Germania etc., la care au participat mii de oameni.<\/em><\/p>\n<p style=\"text-align: justify;\"><em>\u00a0<\/em><\/p>\n<table width=\"709\">\n<tbody>\n<tr>\n<td width=\"441\"><strong>Persoan\u0103 de contact<\/strong><\/p>\n<p><strong>Eugen Popa<\/strong><\/p>\n<p>Pre\u015fedinte Asocia\u021bia Rom\u00e2n\u0103 de Hipnoz\u0103<\/p>\n<p>0741.044.701<\/p>\n<p>contact@putereamintii.ro<\/td>\n<td width=\"267\"><strong>Dr. T\u0103nase Tasen\u0163e<\/strong><\/p>\n<p>Director General<\/p>\n<p>Plus Communication<\/p>\n<p>0725.465.508<\/td>\n<\/tr>\n<\/tbody>\n<\/table>\n","protected":false},"excerpt":{"rendered":"<p>Privind dincolo de z\u00e2mbetele for\u021bate \u0219i aparen\u021bele exterioare, depresia<\/p>\n","protected":false},"author":1,"featured_media":0,"comment_status":"open","ping_status":"open","sticky":false,"template":"","format":"standard","meta":{"footnotes":""},"categories":[6],"tags":[],"class_list":["post-99757","post","type-post","status-publish","format-standard","hentry","category-breaking-news"],"_links":{"self":[{"href":"https:\/\/www.giurgiuveanul.ro\/stiri\/wp-json\/wp\/v2\/posts\/99757","targetHints":{"allow":["GET"]}}],"collection":[{"href":"https:\/\/www.giurgiuveanul.ro\/stiri\/wp-json\/wp\/v2\/posts"}],"about":[{"href":"https:\/\/www.giurgiuveanul.ro\/stiri\/wp-json\/wp\/v2\/types\/post"}],"author":[{"embeddable":true,"href":"https:\/\/www.giurgiuveanul.ro\/stiri\/wp-json\/wp\/v2\/users\/1"}],"replies":[{"embeddable":true,"href":"https:\/\/www.giurgiuveanul.ro\/stiri\/wp-json\/wp\/v2\/comments?post=99757"}],"version-history":[{"count":0,"href":"https:\/\/www.giurgiuveanul.ro\/stiri\/wp-json\/wp\/v2\/posts\/99757\/revisions"}],"wp:attachment":[{"href":"https:\/\/www.giurgiuveanul.ro\/stiri\/wp-json\/wp\/v2\/media?parent=99757"}],"wp:term":[{"taxonomy":"category","embeddable":true,"href":"https:\/\/www.giurgiuveanul.ro\/stiri\/wp-json\/wp\/v2\/categories?post=99757"},{"taxonomy":"post_tag","embeddable":true,"href":"https:\/\/www.giurgiuveanul.ro\/stiri\/wp-json\/wp\/v2\/tags?post=99757"}],"curies":[{"name":"wp","href":"https:\/\/api.w.org\/{rel}","templated":true}]}}