{"id":99761,"date":"2023-08-27T17:07:40","date_gmt":"2023-08-27T14:07:40","guid":{"rendered":"https:\/\/www.giurgiuveanul.ro\/stiri\/?p=99761"},"modified":"2023-08-27T17:07:58","modified_gmt":"2023-08-27T14:07:58","slug":"giurgiuvean-arestat-preventiv-pentru-lovire-sau-alte-violente","status":"publish","type":"post","link":"https:\/\/www.giurgiuveanul.ro\/stiri\/giurgiuvean-arestat-preventiv-pentru-lovire-sau-alte-violente\/","title":{"rendered":"Giurgiuvean arestat preventiv pentru lovire sau alte violen\u021be"},"content":{"rendered":"<p style=\"text-align: justify;\"><strong><a href=\"https:\/\/www.giurgiuveanul.ro\/stiri\/wp-content\/uploads\/2023\/08\/000-catuse_ciocan.jpg\"><img loading=\"lazy\" decoding=\"async\" class=\"aligncenter wp-image-99762\" src=\"https:\/\/www.giurgiuveanul.ro\/stiri\/wp-content\/uploads\/2023\/08\/000-catuse_ciocan-560x391.jpg\" alt=\"\" width=\"577\" height=\"403\" srcset=\"https:\/\/www.giurgiuveanul.ro\/stiri\/wp-content\/uploads\/2023\/08\/000-catuse_ciocan-560x391.jpg 560w, https:\/\/www.giurgiuveanul.ro\/stiri\/wp-content\/uploads\/2023\/08\/000-catuse_ciocan-250x175.jpg 250w, https:\/\/www.giurgiuveanul.ro\/stiri\/wp-content\/uploads\/2023\/08\/000-catuse_ciocan-400x279.jpg 400w, https:\/\/www.giurgiuveanul.ro\/stiri\/wp-content\/uploads\/2023\/08\/000-catuse_ciocan.jpg 700w\" sizes=\"auto, (max-width: 577px) 100vw, 577px\" \/><\/a>La data de 26 august a.c., ora 08.00, poli\u021bi\u0219tii<!--more--> Sec\u021biei nr. 6 Poli\u021bie Rural\u0103 Mih\u0103ile\u0219ti au fost sesizati prin S.N.U.A.U. 112, de c\u0103tre un b\u0103rbat, cu privire la faptul c\u0103 \u00een localitatea Milcov\u0103\u021bu, jude\u021bul Giurgiu, la ie\u0219ire spre localitatea Clejani, o persoan\u0103 ar fi fost agresat\u0103 fizic.<\/strong><\/p>\n<p style=\"text-align: justify;\">\u00cen temeiul sesiz\u0103rii, la fa\u021ba locului s-au deplasat poli\u021bi\u0219tii, iar, din primele cercet\u0103ri, s-a stabilit faptul c\u0103, \u00een diminea\u021ba zilei de 26 august a.c., un b\u0103rbat, de 26 de ani, din localitatea Milcov\u0103\u021bu, \u00een timp ce se afla la cules de porumb, \u00een extravilanul localit\u0103\u021bii, \u00eempreun\u0103 cu so\u021bia sa \u0219i al\u021bi doi b\u0103rba\u021bi, ar fi fost agresat fizic, de c\u0103tre un b\u0103rbat, de 27 de ani, din comuna Letca Nou\u0103, pe fondul unor discu\u021bii \u00een contradictoriu anterioare.<\/p>\n<p style=\"text-align: justify;\">B\u0103rbatul agresat a fost transportat la spital, pentru acordarea de \u00eengrijiri medicale.<\/p>\n<p style=\"text-align: justify;\">Pe baza probatoriului administrat, sub coordonarea procurorului de caz din cadrul Parchetului de pe l\u00e2ng\u0103 Judec\u0103toria Bolintin Vale, b\u0103rbatul b\u0103nuit de s\u0103v\u00e2r\u0219irea infrac\u021biunii de lovirea sau alte violen\u021be a fost re\u021binut, pentru 24 de ore, iar ast\u0103zi, instan\u021ba de judecat\u0103 a dispus m\u0103sura arest\u0103rii preventive, pentru 30 de zile.<\/p>\n","protected":false},"excerpt":{"rendered":"<p>La data de 26 august a.c., ora 08.00, poli\u021bi\u0219tii<\/p>\n","protected":false},"author":1,"featured_media":0,"comment_status":"open","ping_status":"open","sticky":false,"template":"","format":"standard","meta":{"footnotes":""},"categories":[6],"tags":[],"class_list":["post-99761","post","type-post","status-publish","format-standard","hentry","category-breaking-news"],"_links":{"self":[{"href":"https:\/\/www.giurgiuveanul.ro\/stiri\/wp-json\/wp\/v2\/posts\/99761","targetHints":{"allow":["GET"]}}],"collection":[{"href":"https:\/\/www.giurgiuveanul.ro\/stiri\/wp-json\/wp\/v2\/posts"}],"about":[{"href":"https:\/\/www.giurgiuveanul.ro\/stiri\/wp-json\/wp\/v2\/types\/post"}],"author":[{"embeddable":true,"href":"https:\/\/www.giurgiuveanul.ro\/stiri\/wp-json\/wp\/v2\/users\/1"}],"replies":[{"embeddable":true,"href":"https:\/\/www.giurgiuveanul.ro\/stiri\/wp-json\/wp\/v2\/comments?post=99761"}],"version-history":[{"count":0,"href":"https:\/\/www.giurgiuveanul.ro\/stiri\/wp-json\/wp\/v2\/posts\/99761\/revisions"}],"wp:attachment":[{"href":"https:\/\/www.giurgiuveanul.ro\/stiri\/wp-json\/wp\/v2\/media?parent=99761"}],"wp:term":[{"taxonomy":"category","embeddable":true,"href":"https:\/\/www.giurgiuveanul.ro\/stiri\/wp-json\/wp\/v2\/categories?post=99761"},{"taxonomy":"post_tag","embeddable":true,"href":"https:\/\/www.giurgiuveanul.ro\/stiri\/wp-json\/wp\/v2\/tags?post=99761"}],"curies":[{"name":"wp","href":"https:\/\/api.w.org\/{rel}","templated":true}]}}