{"id":99765,"date":"2023-08-27T17:17:15","date_gmt":"2023-08-27T14:17:15","guid":{"rendered":"https:\/\/www.giurgiuveanul.ro\/stiri\/?p=99765"},"modified":"2023-08-27T17:17:15","modified_gmt":"2023-08-27T14:17:15","slug":"in-aceasta-dupa-amiaza-un-autoturism-a-fost-mistuit-de-flacari-foto","status":"publish","type":"post","link":"https:\/\/www.giurgiuveanul.ro\/stiri\/in-aceasta-dupa-amiaza-un-autoturism-a-fost-mistuit-de-flacari-foto\/","title":{"rendered":"\u00cen aceast\u0103 dup\u0103-amiaz\u0103, un autoturism a fost mistuit de fl\u0103c\u0103ri (FOTO)"},"content":{"rendered":"<p style=\"text-align: justify;\"><a href=\"https:\/\/www.giurgiuveanul.ro\/stiri\/wp-content\/uploads\/2023\/08\/0000-autoturism-in-flacari.jpeg\"><img loading=\"lazy\" decoding=\"async\" class=\"aligncenter  wp-image-99766\" src=\"https:\/\/www.giurgiuveanul.ro\/stiri\/wp-content\/uploads\/2023\/08\/0000-autoturism-in-flacari-560x450.jpeg\" alt=\"\" width=\"572\" height=\"460\" srcset=\"https:\/\/www.giurgiuveanul.ro\/stiri\/wp-content\/uploads\/2023\/08\/0000-autoturism-in-flacari-560x450.jpeg 560w, https:\/\/www.giurgiuveanul.ro\/stiri\/wp-content\/uploads\/2023\/08\/0000-autoturism-in-flacari-250x201.jpeg 250w, https:\/\/www.giurgiuveanul.ro\/stiri\/wp-content\/uploads\/2023\/08\/0000-autoturism-in-flacari-768x619.jpeg 768w, https:\/\/www.giurgiuveanul.ro\/stiri\/wp-content\/uploads\/2023\/08\/0000-autoturism-in-flacari-400x322.jpeg 400w, https:\/\/www.giurgiuveanul.ro\/stiri\/wp-content\/uploads\/2023\/08\/0000-autoturism-in-flacari.jpeg 1419w\" sizes=\"auto, (max-width: 572px) 100vw, 572px\" \/><\/a>Un autoturism a luat foc, \u00een aceast\u0103 dup\u0103-amiaz\u0103, pe o strad\u0103 din<!--more--> localitatea Pu\u021bu Greci. Conduc\u0103torul auto a intrat cu ma\u0219ina \u00een \u0219an\u021bul de pe marginea drumului \u0219i, \u00een urma \u00eencerc\u0103rilor repetate de a ie\u0219i din acel loc s-a produs evenimentul, cel mai probabil din cauza supra\u00eencalzirii tobei de e\u0219apament.<\/p>\n<p style=\"text-align: justify;\">Vegeta\u021bia uscat\u0103 s-a aprins imediat \u0219i s-a extins la autoturism, conduc\u0103torul auto reu\u0219ind s\u0103 ias\u0103 la timp din interior.<\/p>\n<p style=\"text-align: justify;\">La caz s-au deplasat pompierii din cadrul Punctului de Lucru Greaca, cu o autospecial\u0103 de stingere cu ap\u0103 \u0219i spum\u0103. Ace\u0219tia au constatat faptul c\u0103 ardeau autoturismul, \u00een totalitate, dar \u0219i vegeta\u021bia uscat\u0103 pe o suprafa\u021b\u0103 de aproximativ 500 mp.<\/p>\n<p style=\"text-align: justify;\">Incendiul a fost stins \u00een limitele g\u0103site.<\/p>\n","protected":false},"excerpt":{"rendered":"<p>Un autoturism a luat foc, \u00een aceast\u0103 dup\u0103-amiaz\u0103, pe o strad\u0103 din<\/p>\n","protected":false},"author":1,"featured_media":0,"comment_status":"open","ping_status":"open","sticky":false,"template":"","format":"standard","meta":{"footnotes":""},"categories":[6],"tags":[],"class_list":["post-99765","post","type-post","status-publish","format-standard","hentry","category-breaking-news"],"_links":{"self":[{"href":"https:\/\/www.giurgiuveanul.ro\/stiri\/wp-json\/wp\/v2\/posts\/99765","targetHints":{"allow":["GET"]}}],"collection":[{"href":"https:\/\/www.giurgiuveanul.ro\/stiri\/wp-json\/wp\/v2\/posts"}],"about":[{"href":"https:\/\/www.giurgiuveanul.ro\/stiri\/wp-json\/wp\/v2\/types\/post"}],"author":[{"embeddable":true,"href":"https:\/\/www.giurgiuveanul.ro\/stiri\/wp-json\/wp\/v2\/users\/1"}],"replies":[{"embeddable":true,"href":"https:\/\/www.giurgiuveanul.ro\/stiri\/wp-json\/wp\/v2\/comments?post=99765"}],"version-history":[{"count":0,"href":"https:\/\/www.giurgiuveanul.ro\/stiri\/wp-json\/wp\/v2\/posts\/99765\/revisions"}],"wp:attachment":[{"href":"https:\/\/www.giurgiuveanul.ro\/stiri\/wp-json\/wp\/v2\/media?parent=99765"}],"wp:term":[{"taxonomy":"category","embeddable":true,"href":"https:\/\/www.giurgiuveanul.ro\/stiri\/wp-json\/wp\/v2\/categories?post=99765"},{"taxonomy":"post_tag","embeddable":true,"href":"https:\/\/www.giurgiuveanul.ro\/stiri\/wp-json\/wp\/v2\/tags?post=99765"}],"curies":[{"name":"wp","href":"https:\/\/api.w.org\/{rel}","templated":true}]}}