{"id":99771,"date":"2023-08-28T11:00:44","date_gmt":"2023-08-28T08:00:44","guid":{"rendered":"https:\/\/www.giurgiuveanul.ro\/stiri\/?p=99771"},"modified":"2023-08-28T12:27:58","modified_gmt":"2023-08-28T09:27:58","slug":"acum-accident-rutier-in-sensul-giratoriu-de-la-caprioara-foto","status":"publish","type":"post","link":"https:\/\/www.giurgiuveanul.ro\/stiri\/acum-accident-rutier-in-sensul-giratoriu-de-la-caprioara-foto\/","title":{"rendered":"ACUM. ACCIDENT RUTIER \u00een sensul giratoriu de la \u201eC\u0103prioara\u201d (FOTO)"},"content":{"rendered":"<p style=\"text-align: justify;\"><a href=\"https:\/\/www.giurgiuveanul.ro\/stiri\/wp-content\/uploads\/2023\/08\/00000-accident-caprioara.jpg\"><img loading=\"lazy\" decoding=\"async\" class=\"aligncenter wp-image-99772\" src=\"https:\/\/www.giurgiuveanul.ro\/stiri\/wp-content\/uploads\/2023\/08\/00000-accident-caprioara-456x450.jpg\" alt=\"\" width=\"572\" height=\"565\" srcset=\"https:\/\/www.giurgiuveanul.ro\/stiri\/wp-content\/uploads\/2023\/08\/00000-accident-caprioara-456x450.jpg 456w, https:\/\/www.giurgiuveanul.ro\/stiri\/wp-content\/uploads\/2023\/08\/00000-accident-caprioara-250x247.jpg 250w, https:\/\/www.giurgiuveanul.ro\/stiri\/wp-content\/uploads\/2023\/08\/00000-accident-caprioara-768x757.jpg 768w, https:\/\/www.giurgiuveanul.ro\/stiri\/wp-content\/uploads\/2023\/08\/00000-accident-caprioara-1536x1514.jpg 1536w, https:\/\/www.giurgiuveanul.ro\/stiri\/wp-content\/uploads\/2023\/08\/00000-accident-caprioara-400x394.jpg 400w, https:\/\/www.giurgiuveanul.ro\/stiri\/wp-content\/uploads\/2023\/08\/00000-accident-caprioara.jpg 2000w\" sizes=\"auto, (max-width: 572px) 100vw, 572px\" \/><\/a>\u00cen urm\u0103 cu pu\u0163in timp<!--more--> s-a produs un accident rutier, \u00een sensul giratoriu de la \u201eC\u0103prioara\u201d, \u00een municipiul Giurgiu. \u00cen evenimentul rutier au fost implicate un autoturism \u015fi o biciclet\u0103<\/p>\n<p style=\"text-align: justify;\">Persoana de pe biciclet\u0103 a fost transportat\u0103 la Spitalul Jude\u0163ean de Urgen\u0163\u0103 Giurgiu.<\/p>\n<p style=\"text-align: justify;\">Vom reveni cu am\u0103nunte.<\/p>\n<p><strong>UPDATE<\/strong><\/p>\n<p><strong>Ce spune IPJ Giurgiu<\/strong><\/p>\n<p style=\"text-align: justify;\">La data de 28 august a.c., ora 10.45, \u00een Pia\u021ba G\u0103rii, din municipiul Giurgiu, a avut loc un eveniment rutier, \u00eentre un autoturism \u0219i un biciclist. \u00cen urma producerii evenimentului rutier, a rezultat r\u0103nirea biciclistei, o femeie, de 74 de ani, din municipiul Giurgiu, care a fost transportat\u0103 la spital, pentru acordarea de \u00eengrijiri medicale. O femeie, de 53 de ani, din municipiul Giurgiu, care se afla la volanul autoturismului, a fost testat\u0103 cu aparatul drager, rezultatul fiind 0.<\/p>\n<p style=\"text-align: justify;\">\u00cen cauz\u0103, cercet\u0103rile sunt continuate sub aspectul s\u0103v\u00e2r\u0219irii infrac\u021biunii de v\u0103t\u0103mare corporal\u0103 din culp\u0103.<\/p>\n","protected":false},"excerpt":{"rendered":"<p>\u00cen urm\u0103 cu pu\u0163in timp<\/p>\n","protected":false},"author":1,"featured_media":0,"comment_status":"open","ping_status":"open","sticky":false,"template":"","format":"standard","meta":{"footnotes":""},"categories":[6],"tags":[],"class_list":["post-99771","post","type-post","status-publish","format-standard","hentry","category-breaking-news"],"_links":{"self":[{"href":"https:\/\/www.giurgiuveanul.ro\/stiri\/wp-json\/wp\/v2\/posts\/99771","targetHints":{"allow":["GET"]}}],"collection":[{"href":"https:\/\/www.giurgiuveanul.ro\/stiri\/wp-json\/wp\/v2\/posts"}],"about":[{"href":"https:\/\/www.giurgiuveanul.ro\/stiri\/wp-json\/wp\/v2\/types\/post"}],"author":[{"embeddable":true,"href":"https:\/\/www.giurgiuveanul.ro\/stiri\/wp-json\/wp\/v2\/users\/1"}],"replies":[{"embeddable":true,"href":"https:\/\/www.giurgiuveanul.ro\/stiri\/wp-json\/wp\/v2\/comments?post=99771"}],"version-history":[{"count":0,"href":"https:\/\/www.giurgiuveanul.ro\/stiri\/wp-json\/wp\/v2\/posts\/99771\/revisions"}],"wp:attachment":[{"href":"https:\/\/www.giurgiuveanul.ro\/stiri\/wp-json\/wp\/v2\/media?parent=99771"}],"wp:term":[{"taxonomy":"category","embeddable":true,"href":"https:\/\/www.giurgiuveanul.ro\/stiri\/wp-json\/wp\/v2\/categories?post=99771"},{"taxonomy":"post_tag","embeddable":true,"href":"https:\/\/www.giurgiuveanul.ro\/stiri\/wp-json\/wp\/v2\/tags?post=99771"}],"curies":[{"name":"wp","href":"https:\/\/api.w.org\/{rel}","templated":true}]}}