{"id":99776,"date":"2023-08-28T11:36:37","date_gmt":"2023-08-28T08:36:37","guid":{"rendered":"https:\/\/www.giurgiuveanul.ro\/stiri\/?p=99776"},"modified":"2023-08-28T11:36:37","modified_gmt":"2023-08-28T08:36:37","slug":"isu-giurgiu-cautarile-barbatului-disparut-sambata-in-timp-ce-se-afla-la-pescuit-pe-malul-dunarii-au-fost-reluate-in-aceasta-dimineata","status":"publish","type":"post","link":"https:\/\/www.giurgiuveanul.ro\/stiri\/isu-giurgiu-cautarile-barbatului-disparut-sambata-in-timp-ce-se-afla-la-pescuit-pe-malul-dunarii-au-fost-reluate-in-aceasta-dimineata\/","title":{"rendered":"ISU Giurgiu. C\u0103ut\u0103rile b\u0103rbatului disp\u0103rut s\u00e2mb\u0103t\u0103, \u00een timp ce se afla la pescuit, pe malul Dun\u0103rii, au fost reluate \u00een aceast\u0103 diminea\u0163\u0103"},"content":{"rendered":"<p style=\"text-align: justify;\"><a href=\"https:\/\/www.giurgiuveanul.ro\/stiri\/wp-content\/uploads\/2023\/08\/AA0A1152.jpg\"><img loading=\"lazy\" decoding=\"async\" class=\"aligncenter  wp-image-99777\" src=\"https:\/\/www.giurgiuveanul.ro\/stiri\/wp-content\/uploads\/2023\/08\/AA0A1152-560x385.jpg\" alt=\"\" width=\"576\" height=\"396\" srcset=\"https:\/\/www.giurgiuveanul.ro\/stiri\/wp-content\/uploads\/2023\/08\/AA0A1152-560x385.jpg 560w, https:\/\/www.giurgiuveanul.ro\/stiri\/wp-content\/uploads\/2023\/08\/AA0A1152-250x172.jpg 250w, https:\/\/www.giurgiuveanul.ro\/stiri\/wp-content\/uploads\/2023\/08\/AA0A1152-768x528.jpg 768w, https:\/\/www.giurgiuveanul.ro\/stiri\/wp-content\/uploads\/2023\/08\/AA0A1152-400x275.jpg 400w, https:\/\/www.giurgiuveanul.ro\/stiri\/wp-content\/uploads\/2023\/08\/AA0A1152.jpg 800w\" sizes=\"auto, (max-width: 576px) 100vw, 576px\" \/><\/a>C\u0103ut\u0103rile b\u0103rbatului, \u00een v\u00e2rst\u0103 de<!--more--> aproximativ 50 de ani, disp\u0103rut \u00a0s\u00e2mb\u0103t\u0103, \u00een timp ce se afla la pescuit pe malul Dun\u0103rii, \u00een zona localit\u0103\u021bii Gostinu, au fost reluate, informeaz\u0103 ISU Giurgiu.<\/p>\n<p style=\"text-align: justify;\">La fa\u021ba locului s-a deplasat echipajul de scafandri, cu autospeciala de scafandri \u0219i o barc\u0103.<\/p>\n","protected":false},"excerpt":{"rendered":"<p>C\u0103ut\u0103rile b\u0103rbatului, \u00een v\u00e2rst\u0103 de<\/p>\n","protected":false},"author":1,"featured_media":0,"comment_status":"open","ping_status":"open","sticky":false,"template":"","format":"standard","meta":{"footnotes":""},"categories":[6],"tags":[],"class_list":["post-99776","post","type-post","status-publish","format-standard","hentry","category-breaking-news"],"_links":{"self":[{"href":"https:\/\/www.giurgiuveanul.ro\/stiri\/wp-json\/wp\/v2\/posts\/99776","targetHints":{"allow":["GET"]}}],"collection":[{"href":"https:\/\/www.giurgiuveanul.ro\/stiri\/wp-json\/wp\/v2\/posts"}],"about":[{"href":"https:\/\/www.giurgiuveanul.ro\/stiri\/wp-json\/wp\/v2\/types\/post"}],"author":[{"embeddable":true,"href":"https:\/\/www.giurgiuveanul.ro\/stiri\/wp-json\/wp\/v2\/users\/1"}],"replies":[{"embeddable":true,"href":"https:\/\/www.giurgiuveanul.ro\/stiri\/wp-json\/wp\/v2\/comments?post=99776"}],"version-history":[{"count":0,"href":"https:\/\/www.giurgiuveanul.ro\/stiri\/wp-json\/wp\/v2\/posts\/99776\/revisions"}],"wp:attachment":[{"href":"https:\/\/www.giurgiuveanul.ro\/stiri\/wp-json\/wp\/v2\/media?parent=99776"}],"wp:term":[{"taxonomy":"category","embeddable":true,"href":"https:\/\/www.giurgiuveanul.ro\/stiri\/wp-json\/wp\/v2\/categories?post=99776"},{"taxonomy":"post_tag","embeddable":true,"href":"https:\/\/www.giurgiuveanul.ro\/stiri\/wp-json\/wp\/v2\/tags?post=99776"}],"curies":[{"name":"wp","href":"https:\/\/api.w.org\/{rel}","templated":true}]}}