{"id":99784,"date":"2023-08-28T15:19:24","date_gmt":"2023-08-28T12:19:24","guid":{"rendered":"https:\/\/www.giurgiuveanul.ro\/stiri\/?p=99784"},"modified":"2023-08-28T15:26:20","modified_gmt":"2023-08-28T12:26:20","slug":"isu-giurgiu-trupul-neinsufletit-al-barbatului-disparut-in-apa-dunarii-la-gostinu-a-fost-gasit-la-oltenita","status":"publish","type":"post","link":"https:\/\/www.giurgiuveanul.ro\/stiri\/isu-giurgiu-trupul-neinsufletit-al-barbatului-disparut-in-apa-dunarii-la-gostinu-a-fost-gasit-la-oltenita\/","title":{"rendered":"ISU Giurgiu. Trupul ne\u00eensufle\u021bit al b\u0103rbatului disp\u0103rut \u00een apa Dun\u0103rii, la Gostinu, a fost g\u0103sit la Olteni\u0163a"},"content":{"rendered":"<p><a href=\"https:\/\/www.giurgiuveanul.ro\/stiri\/wp-content\/uploads\/2023\/08\/0000-inecat.jpeg\"><img loading=\"lazy\" decoding=\"async\" class=\"aligncenter wp-image-99739\" src=\"https:\/\/www.giurgiuveanul.ro\/stiri\/wp-content\/uploads\/2023\/08\/0000-inecat-421x450.jpeg\" alt=\"\" width=\"573\" height=\"612\" srcset=\"https:\/\/www.giurgiuveanul.ro\/stiri\/wp-content\/uploads\/2023\/08\/0000-inecat-421x450.jpeg 421w, https:\/\/www.giurgiuveanul.ro\/stiri\/wp-content\/uploads\/2023\/08\/0000-inecat-250x267.jpeg 250w, https:\/\/www.giurgiuveanul.ro\/stiri\/wp-content\/uploads\/2023\/08\/0000-inecat-768x821.jpeg 768w, https:\/\/www.giurgiuveanul.ro\/stiri\/wp-content\/uploads\/2023\/08\/0000-inecat-400x428.jpeg 400w, https:\/\/www.giurgiuveanul.ro\/stiri\/wp-content\/uploads\/2023\/08\/0000-inecat.jpeg 900w\" sizes=\"auto, (max-width: 573px) 100vw, 573px\" \/><\/a>\u00cen urm\u0103 cu pu\u021bin timp,<!--more--> a fost g\u0103sit trupul ne\u00eensufle\u021bit al b\u0103rbatului disp\u0103rut \u00een apa Dun\u0103rii, la Gostinu.<\/p>\n<p>Acesta a fost v\u0103zut plutind pe ap\u0103, \u00een jude\u021bul C\u0103l\u0103ra\u0219i, la Olteni\u021ba de c\u0103tre o persoan\u0103 care a alertat autorit\u0103\u021bile, informeaz\u0103 ISU Giurgiu.<\/p>\n","protected":false},"excerpt":{"rendered":"<p>\u00cen urm\u0103 cu pu\u021bin timp,<\/p>\n","protected":false},"author":1,"featured_media":0,"comment_status":"open","ping_status":"open","sticky":false,"template":"","format":"standard","meta":{"footnotes":""},"categories":[6],"tags":[],"class_list":["post-99784","post","type-post","status-publish","format-standard","hentry","category-breaking-news"],"_links":{"self":[{"href":"https:\/\/www.giurgiuveanul.ro\/stiri\/wp-json\/wp\/v2\/posts\/99784","targetHints":{"allow":["GET"]}}],"collection":[{"href":"https:\/\/www.giurgiuveanul.ro\/stiri\/wp-json\/wp\/v2\/posts"}],"about":[{"href":"https:\/\/www.giurgiuveanul.ro\/stiri\/wp-json\/wp\/v2\/types\/post"}],"author":[{"embeddable":true,"href":"https:\/\/www.giurgiuveanul.ro\/stiri\/wp-json\/wp\/v2\/users\/1"}],"replies":[{"embeddable":true,"href":"https:\/\/www.giurgiuveanul.ro\/stiri\/wp-json\/wp\/v2\/comments?post=99784"}],"version-history":[{"count":0,"href":"https:\/\/www.giurgiuveanul.ro\/stiri\/wp-json\/wp\/v2\/posts\/99784\/revisions"}],"wp:attachment":[{"href":"https:\/\/www.giurgiuveanul.ro\/stiri\/wp-json\/wp\/v2\/media?parent=99784"}],"wp:term":[{"taxonomy":"category","embeddable":true,"href":"https:\/\/www.giurgiuveanul.ro\/stiri\/wp-json\/wp\/v2\/categories?post=99784"},{"taxonomy":"post_tag","embeddable":true,"href":"https:\/\/www.giurgiuveanul.ro\/stiri\/wp-json\/wp\/v2\/tags?post=99784"}],"curies":[{"name":"wp","href":"https:\/\/api.w.org\/{rel}","templated":true}]}}