{"id":99796,"date":"2023-08-28T16:30:14","date_gmt":"2023-08-28T13:30:14","guid":{"rendered":"https:\/\/www.giurgiuveanul.ro\/stiri\/?p=99796"},"modified":"2023-08-28T16:30:14","modified_gmt":"2023-08-28T13:30:14","slug":"un-nou-protest-spontan-al-angajatilor-de-la-administratia-judeteana-a-finantelor-publice-giurgiu","status":"publish","type":"post","link":"https:\/\/www.giurgiuveanul.ro\/stiri\/un-nou-protest-spontan-al-angajatilor-de-la-administratia-judeteana-a-finantelor-publice-giurgiu\/","title":{"rendered":"Un nou protest spontan al angaja\u021bilor de la Administra\u021bia Jude\u0163ean\u0103 a Finan\u021belor Publice Giurgiu"},"content":{"rendered":"<p style=\"text-align: justify;\"><strong><a href=\"https:\/\/www.giurgiuveanul.ro\/stiri\/wp-content\/uploads\/2023\/08\/000-AJFP-Giurgiu.jpg\"><img loading=\"lazy\" decoding=\"async\" class=\"aligncenter  wp-image-99797\" src=\"https:\/\/www.giurgiuveanul.ro\/stiri\/wp-content\/uploads\/2023\/08\/000-AJFP-Giurgiu-560x283.jpg\" alt=\"\" width=\"580\" height=\"293\" srcset=\"https:\/\/www.giurgiuveanul.ro\/stiri\/wp-content\/uploads\/2023\/08\/000-AJFP-Giurgiu-560x283.jpg 560w, https:\/\/www.giurgiuveanul.ro\/stiri\/wp-content\/uploads\/2023\/08\/000-AJFP-Giurgiu-250x127.jpg 250w, https:\/\/www.giurgiuveanul.ro\/stiri\/wp-content\/uploads\/2023\/08\/000-AJFP-Giurgiu-768x389.jpg 768w, https:\/\/www.giurgiuveanul.ro\/stiri\/wp-content\/uploads\/2023\/08\/000-AJFP-Giurgiu-1536x777.jpg 1536w, https:\/\/www.giurgiuveanul.ro\/stiri\/wp-content\/uploads\/2023\/08\/000-AJFP-Giurgiu-400x202.jpg 400w, https:\/\/www.giurgiuveanul.ro\/stiri\/wp-content\/uploads\/2023\/08\/000-AJFP-Giurgiu.jpg 2000w\" sizes=\"auto, (max-width: 580px) 100vw, 580px\" \/><\/a>Angaja\u0163ii din Administra\u021bia Jude\u0163ean\u0103 a Finan\u021belor Publice Giurgiu,<!--more--> fie c\u0103 sunt sau nu afilia\u0163i la sindicat, au protestat \u0219i ast\u0103zi, de diminea\u021b\u0103, nemul\u0163umi\u0163i de condi\u0163iile de munc\u0103 \u015fi noile prevederi legislative salariale.<\/strong><\/p>\n<p style=\"text-align: justify;\">Sindicali\u015ftii se preg\u0103tesc pentru declan\u015farea unei greve \u00een prima parte a lunii septembrie.<\/p>\n<p style=\"text-align: justify;\">Conform unui comunicat, angaja\u021bii vor echitate salarial\u0103 \u00een cadrul sistemului, modernizarea sistemului de salarizare \u0219i de recrutare, avansare, preg\u0103tire profesional\u0103 pentru a putea r\u0103spunde provoc\u0103rilor privind practicile de evaziune fiscal\u0103 ale marilor companii sprijinite de firme de consultan\u021b\u0103 puternice, pentru a putea lupta cu contrabanda \u0219i pentru a face controlul marilor averi.<\/p>\n<p style=\"text-align: justify;\">Ast\u0103zi, peste 100 de salaria\u0163i din Administra\u0163ia Jude\u0163ean\u0103 a Finan\u0163elor Giurgiu, \u00een frunte cu <strong>Petre Pan\u0103<\/strong>, <em>liderul sindicatului Finan\u021be Giurgiu, afiliat Sed Lex,<\/em> au participat la un protest spontan ca urmare a nemul\u0163umirilor cu privire la condi\u0163iile de munc\u0103 \u015fi noile prevederi legislative salariale.<\/p>\n","protected":false},"excerpt":{"rendered":"<p>Angaja\u0163ii din Administra\u021bia Jude\u0163ean\u0103 a Finan\u021belor Publice Giurgiu,<\/p>\n","protected":false},"author":1,"featured_media":0,"comment_status":"open","ping_status":"open","sticky":false,"template":"","format":"standard","meta":{"footnotes":""},"categories":[6],"tags":[],"class_list":["post-99796","post","type-post","status-publish","format-standard","hentry","category-breaking-news"],"_links":{"self":[{"href":"https:\/\/www.giurgiuveanul.ro\/stiri\/wp-json\/wp\/v2\/posts\/99796","targetHints":{"allow":["GET"]}}],"collection":[{"href":"https:\/\/www.giurgiuveanul.ro\/stiri\/wp-json\/wp\/v2\/posts"}],"about":[{"href":"https:\/\/www.giurgiuveanul.ro\/stiri\/wp-json\/wp\/v2\/types\/post"}],"author":[{"embeddable":true,"href":"https:\/\/www.giurgiuveanul.ro\/stiri\/wp-json\/wp\/v2\/users\/1"}],"replies":[{"embeddable":true,"href":"https:\/\/www.giurgiuveanul.ro\/stiri\/wp-json\/wp\/v2\/comments?post=99796"}],"version-history":[{"count":0,"href":"https:\/\/www.giurgiuveanul.ro\/stiri\/wp-json\/wp\/v2\/posts\/99796\/revisions"}],"wp:attachment":[{"href":"https:\/\/www.giurgiuveanul.ro\/stiri\/wp-json\/wp\/v2\/media?parent=99796"}],"wp:term":[{"taxonomy":"category","embeddable":true,"href":"https:\/\/www.giurgiuveanul.ro\/stiri\/wp-json\/wp\/v2\/categories?post=99796"},{"taxonomy":"post_tag","embeddable":true,"href":"https:\/\/www.giurgiuveanul.ro\/stiri\/wp-json\/wp\/v2\/tags?post=99796"}],"curies":[{"name":"wp","href":"https:\/\/api.w.org\/{rel}","templated":true}]}}